{"id":125034,"date":"2021-08-24T13:32:00","date_gmt":"2021-08-24T17:32:00","guid":{"rendered":"https:\/\/linitiative.ca\/International\/tunisie-pour-affronter-la-hausse-debridee-des-prix-soyons-pragmatiques-et-changeons-nos-habitudes\/"},"modified":"2021-08-24T13:32:00","modified_gmt":"2021-08-24T17:32:00","slug":"tunisie-pour-affronter-la-hausse-debridee-des-prix-soyons-pragmatiques-et-changeons-nos-habitudes","status":"publish","type":"post","link":"https:\/\/linitiative.ca\/International\/tunisie-pour-affronter-la-hausse-debridee-des-prix-soyons-pragmatiques-et-changeons-nos-habitudes\/","title":{"rendered":"Tunisie : Pour affronter la hausse d\u00e9brid\u00e9e des prix, soyons pragmatiques et changeons nos habitudes"},"content":{"rendered":"<div><img decoding=\"async\" src=\"https:\/\/linitiative.ca\/International\/wp-content\/uploads\/sites\/23\/2021\/08\/1629830119_article.jpg\" alt=\"Tunisie : Pour affronter la hausse d\u00e9brid\u00e9e des prix, soyons pragmatiques et changeons nos habitudes \" align=\"left\">Par Ridha Bergaoui &#8211; Depuis quelque temps, les prix ne cessent d\u2019augmenter et le pouvoir d\u2019achat du consommateur de se d\u00e9t\u00e9riorer. Les prix connaissent un niveau jamais atteint auparavant. Tous les produits sont touch\u00e9s : produits alimentaires (sauf les produits subventionn\u00e9s), m\u00e9dicaments, chaussures, mat\u00e9riaux de construction, cigarettes\u2026 Le citoyen ne cesse de se plaindre et de nombreuses familles se trouvent en difficult\u00e9.<br \/>\nLe Pr\u00e9sident de la R\u00e9publique est intervenu lui-m\u00eame \u00e0 plusieurs occasions pour demander aux principaux responsables \u00e9conomiques une baisse des prix. Des campagnes de lutte contre les sp\u00e9culateurs de tout bord ont \u00e9t\u00e9 engag\u00e9es. Malheureusement &#8230;<\/p>\n<\/div>\n<p>Auteur:<br \/>\n<a href=\"https:\/\/www.leaders.com.tn\/article\/32330-tunisie-pour-affronter-la-hausse-debridee-des-prix-soyons-pragmatiques-et-changeons-nos-habitudes\">Cliquez ici pour lire l&rsquo;article depuis sa source.<\/a><\/p>\n","protected":false},"excerpt":{"rendered":"<p>Par Ridha Bergaoui &#8211; Depuis quelque temps, les prix ne cessent d\u2019augmenter et le pouvoir d\u2019achat du consommateur de se d\u00e9t\u00e9riorer. Les prix connaissent un niveau jamais atteint auparavant. Tous les produits sont touch\u00e9s : produits alimentaires (sauf les produits subventionn\u00e9s), m\u00e9dicaments, chaussures, mat\u00e9riaux de construction, cigarettes\u2026 Le citoyen ne cesse de se plaindre et [&hellip;]<\/p>\n","protected":false},"author":1772,"featured_media":0,"comment_status":"closed","ping_status":"closed","sticky":false,"template":"","format":"standard","meta":{"fifu_image_url":"http:\/\/www.leaders.com.tn\/uploads\/content\/thumbnails_small\/1629830119_article.jpg","fifu_image_alt":"Tunisie : Pour affronter la hausse d\u00e9brid\u00e9e des prix, soyons pragmatiques et changeons nos habitudes","footnotes":""},"categories":[73,55],"tags":[],"class_list":["post-125034","post","type-post","status-publish","format-standard","hentry","category-actualite","category-tunisie"],"_links":{"self":[{"href":"https:\/\/linitiative.ca\/International\/wp-json\/wp\/v2\/posts\/125034","targetHints":{"allow":["GET"]}}],"collection":[{"href":"https:\/\/linitiative.ca\/International\/wp-json\/wp\/v2\/posts"}],"about":[{"href":"https:\/\/linitiative.ca\/International\/wp-json\/wp\/v2\/types\/post"}],"author":[{"embeddable":true,"href":"https:\/\/linitiative.ca\/International\/wp-json\/wp\/v2\/users\/1772"}],"replies":[{"embeddable":true,"href":"https:\/\/linitiative.ca\/International\/wp-json\/wp\/v2\/comments?post=125034"}],"version-history":[{"count":0,"href":"https:\/\/linitiative.ca\/International\/wp-json\/wp\/v2\/posts\/125034\/revisions"}],"wp:attachment":[{"href":"https:\/\/linitiative.ca\/International\/wp-json\/wp\/v2\/media?parent=125034"}],"wp:term":[{"taxonomy":"category","embeddable":true,"href":"https:\/\/linitiative.ca\/International\/wp-json\/wp\/v2\/categories?post=125034"},{"taxonomy":"post_tag","embeddable":true,"href":"https:\/\/linitiative.ca\/International\/wp-json\/wp\/v2\/tags?post=125034"}],"curies":[{"name":"wp","href":"https:\/\/api.w.org\/{rel}","templated":true}]}}