{"id":125043,"date":"2021-08-24T12:29:52","date_gmt":"2021-08-24T16:29:52","guid":{"rendered":"https:\/\/linitiative.ca\/International\/lalgerie-rompt-ses-relations-diplomatiques-avec-le-maroc\/"},"modified":"2021-08-24T12:29:52","modified_gmt":"2021-08-24T16:29:52","slug":"lalgerie-rompt-ses-relations-diplomatiques-avec-le-maroc","status":"publish","type":"post","link":"https:\/\/linitiative.ca\/International\/lalgerie-rompt-ses-relations-diplomatiques-avec-le-maroc\/","title":{"rendered":"L\u2019Alg\u00e9rie rompt ses relations diplomatiques avec le Maroc"},"content":{"rendered":"<div><img decoding=\"async\" width=\"1350\" height=\"759\" src=\"https:\/\/linitiative.ca\/International\/wp-content\/uploads\/sites\/23\/2021\/08\/algerie.jpg\" class=\"attachment-post-thumbnail size-post-thumbnail wp-post-image\" alt=\"\" loading=\"lazy\" srcset=\"https:\/\/linitiative.ca\/International\/wp-content\/uploads\/sites\/23\/2021\/08\/algerie.jpg 1350w, https:\/\/www.challenge.ma\/wp-content\/uploads\/2021\/08\/algerie-300x169.jpg 300w, https:\/\/www.challenge.ma\/wp-content\/uploads\/2021\/08\/algerie-1024x576.jpg 1024w, https:\/\/www.challenge.ma\/wp-content\/uploads\/2021\/08\/algerie-768x432.jpg 768w, https:\/\/www.challenge.ma\/wp-content\/uploads\/2021\/08\/algerie-360x202.jpg 360w, https:\/\/www.challenge.ma\/wp-content\/uploads\/2021\/08\/algerie-750x422.jpg 750w\" sizes=\"auto, (max-width: 1350px) 100vw, 1350px\" itemprop=\"image\">L\u2019Alg\u00e9rie, par la voix de son ministre des Affaires \u00e9trang\u00e8res et de la Communaut\u00e9 nationale \u00e0 l\u2019\u00e9tranger, Ramtane Lamamra, a annonc\u00e9 ce mardi 24 ao\u00fbt la rupture de ses relations diplomatiques avec le Maroc. \u00ab\u00a0L\u2019Alg\u00e9rie a d\u00e9cid\u00e9 de rompre ses relations diplomatiques avec le Maroc \u00e0 partir d\u2019aujourd\u2019hui\u00a0\u00bb, a d\u00e9clar\u00e9<\/div>\n<p>Auteur: challenge<br \/>\n<a href=\"https:\/\/www.challenge.ma\/lalgerie-rompt-ses-relations-diplomatiques-avec-le-maroc-196473\/\">Cliquez ici pour lire l&rsquo;article depuis sa source.<\/a><\/p>\n","protected":false},"excerpt":{"rendered":"<p>L\u2019Alg\u00e9rie, par la voix de son ministre des Affaires \u00e9trang\u00e8res et de la Communaut\u00e9 nationale \u00e0 l\u2019\u00e9tranger, Ramtane Lamamra, a annonc\u00e9 ce mardi 24 ao\u00fbt la rupture de ses relations diplomatiques avec le Maroc. \u00ab\u00a0L\u2019Alg\u00e9rie a d\u00e9cid\u00e9 de rompre ses relations diplomatiques avec le Maroc \u00e0 partir d\u2019aujourd\u2019hui\u00a0\u00bb, a d\u00e9clar\u00e9 Auteur: challenge Cliquez ici pour [&hellip;]<\/p>\n","protected":false},"author":1787,"featured_media":0,"comment_status":"closed","ping_status":"closed","sticky":false,"template":"","format":"standard","meta":{"fifu_image_url":"https:\/\/www.challenge.ma\/wp-content\/uploads\/2021\/08\/algerie.jpg","fifu_image_alt":"L\u2019Alg\u00e9rie rompt ses relations diplomatiques avec le Maroc","footnotes":""},"categories":[78,54],"tags":[],"class_list":["post-125043","post","type-post","status-publish","format-standard","hentry","category-economie","category-maroc"],"_links":{"self":[{"href":"https:\/\/linitiative.ca\/International\/wp-json\/wp\/v2\/posts\/125043","targetHints":{"allow":["GET"]}}],"collection":[{"href":"https:\/\/linitiative.ca\/International\/wp-json\/wp\/v2\/posts"}],"about":[{"href":"https:\/\/linitiative.ca\/International\/wp-json\/wp\/v2\/types\/post"}],"author":[{"embeddable":true,"href":"https:\/\/linitiative.ca\/International\/wp-json\/wp\/v2\/users\/1787"}],"replies":[{"embeddable":true,"href":"https:\/\/linitiative.ca\/International\/wp-json\/wp\/v2\/comments?post=125043"}],"version-history":[{"count":0,"href":"https:\/\/linitiative.ca\/International\/wp-json\/wp\/v2\/posts\/125043\/revisions"}],"wp:attachment":[{"href":"https:\/\/linitiative.ca\/International\/wp-json\/wp\/v2\/media?parent=125043"}],"wp:term":[{"taxonomy":"category","embeddable":true,"href":"https:\/\/linitiative.ca\/International\/wp-json\/wp\/v2\/categories?post=125043"},{"taxonomy":"post_tag","embeddable":true,"href":"https:\/\/linitiative.ca\/International\/wp-json\/wp\/v2\/tags?post=125043"}],"curies":[{"name":"wp","href":"https:\/\/api.w.org\/{rel}","templated":true}]}}