{"id":125048,"date":"2021-08-24T16:33:12","date_gmt":"2021-08-24T20:33:12","guid":{"rendered":"https:\/\/linitiative.ca\/International\/tunisie-ennahdha-exprime-son-inquietude-face-au-prolongement-inconstitutionnel-des-mesures-exceptionnelles\/"},"modified":"2021-08-24T16:33:12","modified_gmt":"2021-08-24T20:33:12","slug":"tunisie-ennahdha-exprime-son-inquietude-face-au-prolongement-inconstitutionnel-des-mesures-exceptionnelles","status":"publish","type":"post","link":"https:\/\/linitiative.ca\/International\/tunisie-ennahdha-exprime-son-inquietude-face-au-prolongement-inconstitutionnel-des-mesures-exceptionnelles\/","title":{"rendered":"Tunisie : Ennahdha exprime son inqui\u00e9tude face au \u201cprolongement \u00ab inconstitutionnel \u00bb des mesures exceptionnelles\u201d"},"content":{"rendered":"<div>\n<p>Le mouvement Ennahdha a publi\u00e9 un communiqu\u00e9 sur sa page hier soir, suite \u00e0 la publication d\u2019un d\u00e9cret pr\u00e9sidentiel prolongeant les mesures exceptionnelles \u00ab\u00a0jusqu\u2019\u00e0 nouvel ordre\u00a0\u00bb et de pr\u00e9voir l\u2019allocution du Chef de l\u2019Etat au peuple \u00e0 cet \u00e9gard au cours \u00ab\u00a0des prochains jours\u00a0\u00bb. En effet, Ennahdha a affirm\u00e9 son adh\u00e9sion \u00e0 sa position principale [\u2026]<\/p>\n<p>L\u2019article <a href=\"https:\/\/www.tunisienumerique.com\/tunisie-ennahdha-exprime-son-inquietude-face-au-prolongement-inconstitutionnel-des-mesures-exceptionnelles\/\">Tunisie : Ennahdha exprime son inqui\u00e9tude face au \u201cprolongement \u00ab inconstitutionnel \u00bb des mesures exceptionnelles\u201d<\/a> est apparu en premier sur <a href=\"https:\/\/www.tunisienumerique.com\/\">Tunisie<\/a>.<\/p>\n<\/div>\n<p>Auteur: rania ben slimane<br \/>\n<a href=\"https:\/\/www.tunisienumerique.com\/tunisie-ennahdha-exprime-son-inquietude-face-au-prolongement-inconstitutionnel-des-mesures-exceptionnelles\/\">Cliquez ici pour lire l&rsquo;article depuis sa source.<\/a><\/p>\n","protected":false},"excerpt":{"rendered":"<p>Le mouvement Ennahdha a publi\u00e9 un communiqu\u00e9 sur sa page hier soir, suite \u00e0 la publication d\u2019un d\u00e9cret pr\u00e9sidentiel prolongeant les mesures exceptionnelles \u00ab\u00a0jusqu\u2019\u00e0 nouvel ordre\u00a0\u00bb et de pr\u00e9voir l\u2019allocution du Chef de l\u2019Etat au peuple \u00e0 cet \u00e9gard au cours \u00ab\u00a0des prochains jours\u00a0\u00bb. En effet, Ennahdha a affirm\u00e9 son adh\u00e9sion \u00e0 sa position principale [&hellip;]<\/p>\n","protected":false},"author":1789,"featured_media":0,"comment_status":"closed","ping_status":"closed","sticky":false,"template":"","format":"standard","meta":{"fifu_image_url":"","fifu_image_alt":"","footnotes":""},"categories":[73,55],"tags":[],"class_list":["post-125048","post","type-post","status-publish","format-standard","hentry","category-actualite","category-tunisie"],"_links":{"self":[{"href":"https:\/\/linitiative.ca\/International\/wp-json\/wp\/v2\/posts\/125048","targetHints":{"allow":["GET"]}}],"collection":[{"href":"https:\/\/linitiative.ca\/International\/wp-json\/wp\/v2\/posts"}],"about":[{"href":"https:\/\/linitiative.ca\/International\/wp-json\/wp\/v2\/types\/post"}],"author":[{"embeddable":true,"href":"https:\/\/linitiative.ca\/International\/wp-json\/wp\/v2\/users\/1789"}],"replies":[{"embeddable":true,"href":"https:\/\/linitiative.ca\/International\/wp-json\/wp\/v2\/comments?post=125048"}],"version-history":[{"count":0,"href":"https:\/\/linitiative.ca\/International\/wp-json\/wp\/v2\/posts\/125048\/revisions"}],"wp:attachment":[{"href":"https:\/\/linitiative.ca\/International\/wp-json\/wp\/v2\/media?parent=125048"}],"wp:term":[{"taxonomy":"category","embeddable":true,"href":"https:\/\/linitiative.ca\/International\/wp-json\/wp\/v2\/categories?post=125048"},{"taxonomy":"post_tag","embeddable":true,"href":"https:\/\/linitiative.ca\/International\/wp-json\/wp\/v2\/tags?post=125048"}],"curies":[{"name":"wp","href":"https:\/\/api.w.org\/{rel}","templated":true}]}}