{"id":125049,"date":"2021-08-24T16:43:52","date_gmt":"2021-08-24T20:43:52","guid":{"rendered":"https:\/\/linitiative.ca\/International\/ramtane-lamamra-lalgerie-rompt-ses-relations-diplomatiques-avec-le-maroc\/"},"modified":"2021-08-24T16:43:52","modified_gmt":"2021-08-24T20:43:52","slug":"ramtane-lamamra-lalgerie-rompt-ses-relations-diplomatiques-avec-le-maroc","status":"publish","type":"post","link":"https:\/\/linitiative.ca\/International\/ramtane-lamamra-lalgerie-rompt-ses-relations-diplomatiques-avec-le-maroc\/","title":{"rendered":"Ramtane Lamamra : \u00ab l\u2019Alg\u00e9rie rompt ses relations diplomatiques avec le Maroc \u00bb"},"content":{"rendered":"<div>\n<p>L\u2019Alg\u00e9rie a rompu aujourd\u2019hui, 24 ao\u00fbt 2021 ses relations diplomatiques avec le Maroc, a d\u00e9clar\u00e9 le ministre des Affaires \u00e9trang\u00e8res alg\u00e9rien, Ramtane Lamamra lors d\u2019une conf\u00e9rence de presse t\u00e9l\u00e9vis\u00e9e. En effet, l\u2019Alg\u00e9rie accuse le Maroc d&rsquo;\u201dactions hostiles\u201d et de soutien aux groupes \u00e0 l\u2019origine des incendies catastrophiques dans le nord du pays ce mois-ci.<\/p>\n<p>L\u2019article <a href=\"https:\/\/www.tunisienumerique.com\/ramtane-lamamra-lalgerie-rompt-ses-relations-diplomatiques-avec-le-maroc\/\">Ramtane Lamamra : \u00ab l\u2019Alg\u00e9rie rompt ses relations diplomatiques avec le Maroc \u00bb<\/a> est apparu en premier sur <a href=\"https:\/\/www.tunisienumerique.com\/\">Tunisie<\/a>.<\/p>\n<\/div>\n<p>Auteur: rania ben slimane<br \/>\n<a href=\"https:\/\/www.tunisienumerique.com\/ramtane-lamamra-lalgerie-rompt-ses-relations-diplomatiques-avec-le-maroc\/\">Cliquez ici pour lire l&rsquo;article depuis sa source.<\/a><\/p>\n","protected":false},"excerpt":{"rendered":"<p>L\u2019Alg\u00e9rie a rompu aujourd\u2019hui, 24 ao\u00fbt 2021 ses relations diplomatiques avec le Maroc, a d\u00e9clar\u00e9 le ministre des Affaires \u00e9trang\u00e8res alg\u00e9rien, Ramtane Lamamra lors d\u2019une conf\u00e9rence de presse t\u00e9l\u00e9vis\u00e9e. En effet, l\u2019Alg\u00e9rie accuse le Maroc d&rsquo;\u201dactions hostiles\u201d et de soutien aux groupes \u00e0 l\u2019origine des incendies catastrophiques dans le nord du pays ce mois-ci. L\u2019article [&hellip;]<\/p>\n","protected":false},"author":1789,"featured_media":0,"comment_status":"closed","ping_status":"closed","sticky":false,"template":"","format":"standard","meta":{"fifu_image_url":"","fifu_image_alt":"","footnotes":""},"categories":[73,55],"tags":[],"class_list":["post-125049","post","type-post","status-publish","format-standard","hentry","category-actualite","category-tunisie"],"_links":{"self":[{"href":"https:\/\/linitiative.ca\/International\/wp-json\/wp\/v2\/posts\/125049","targetHints":{"allow":["GET"]}}],"collection":[{"href":"https:\/\/linitiative.ca\/International\/wp-json\/wp\/v2\/posts"}],"about":[{"href":"https:\/\/linitiative.ca\/International\/wp-json\/wp\/v2\/types\/post"}],"author":[{"embeddable":true,"href":"https:\/\/linitiative.ca\/International\/wp-json\/wp\/v2\/users\/1789"}],"replies":[{"embeddable":true,"href":"https:\/\/linitiative.ca\/International\/wp-json\/wp\/v2\/comments?post=125049"}],"version-history":[{"count":0,"href":"https:\/\/linitiative.ca\/International\/wp-json\/wp\/v2\/posts\/125049\/revisions"}],"wp:attachment":[{"href":"https:\/\/linitiative.ca\/International\/wp-json\/wp\/v2\/media?parent=125049"}],"wp:term":[{"taxonomy":"category","embeddable":true,"href":"https:\/\/linitiative.ca\/International\/wp-json\/wp\/v2\/categories?post=125049"},{"taxonomy":"post_tag","embeddable":true,"href":"https:\/\/linitiative.ca\/International\/wp-json\/wp\/v2\/tags?post=125049"}],"curies":[{"name":"wp","href":"https:\/\/api.w.org\/{rel}","templated":true}]}}