{"id":125052,"date":"2021-08-24T15:44:33","date_gmt":"2021-08-24T19:44:33","guid":{"rendered":"https:\/\/linitiative.ca\/International\/entree-de-josephine-baker-au-pantheon\/"},"modified":"2021-08-24T15:44:33","modified_gmt":"2021-08-24T19:44:33","slug":"entree-de-josephine-baker-au-pantheon","status":"publish","type":"post","link":"https:\/\/linitiative.ca\/International\/entree-de-josephine-baker-au-pantheon\/","title":{"rendered":"ENTREE DE JOSEPHINE BAKER AU PANTHEON"},"content":{"rendered":"<div>\n<p><img decoding=\"async\" width=\"664\" height=\"533\" src=\"https:\/\/linitiative.ca\/International\/wp-content\/uploads\/sites\/23\/2021\/08\/BAKER.jpg\" class=\"attachment- size- wp-post-image\" alt=\"\" loading=\"lazy\" style=\"float:left; margin:0 15px 15px 0;\" srcset=\"https:\/\/linitiative.ca\/International\/wp-content\/uploads\/sites\/23\/2021\/08\/BAKER.jpg 664w, https:\/\/lepays.bf\/wp-content\/uploads\/2021\/08\/BAKER-300x241.jpg 300w\" sizes=\"auto, (max-width: 664px) 100vw, 664px\">Le\u00a0 21 juillet dernier,\u00a0 le Chef de l\u2019Etat fran\u00e7ais,\u00a0 Emmanuel Macron, a valid\u00e9 l\u2019entr\u00e9e au Panth\u00e9on de Jos\u00e9phine Baker, artiste franco-am\u00e9ricaine et figure de la lutte pour l\u2019\u00e9galit\u00e9. La p\u00e9tition pour l\u2019inscription de la chanteuse noire au panth\u00e9on fran\u00e7ais, avait \u00e9t\u00e9 initi\u00e9e en 2019 par le romancier Pascal Bruckner, le chanteur Laurent Voulzy, l\u2019entrepreneure Jennifer \u2026<\/p>\n<p>L\u2019article <a rel=\"nofollow\" href=\"https:\/\/lepays.bf\/entree-de-josephine-baker-au-pantheon\/\">ENTREE DE JOSEPHINE BAKER AU PANTHEON<\/a> est apparu en premier sur <a rel=\"nofollow\" href=\"https:\/\/lepays.bf\/\">Editions Le Pays<\/a>.<\/p>\n<\/div>\n<p>Auteur: Editions LEPAYS<br \/>\n<a href=\"https:\/\/lepays.bf\/entree-de-josephine-baker-au-pantheon\/\">Cliquez ici pour lire l&rsquo;article depuis sa source.<\/a><\/p>\n","protected":false},"excerpt":{"rendered":"<p>Le\u00a0 21 juillet dernier,\u00a0 le Chef de l\u2019Etat fran\u00e7ais,\u00a0 Emmanuel Macron, a valid\u00e9 l\u2019entr\u00e9e au Panth\u00e9on de Jos\u00e9phine Baker, artiste franco-am\u00e9ricaine et figure de la lutte pour l\u2019\u00e9galit\u00e9. La p\u00e9tition pour l\u2019inscription de la chanteuse noire au panth\u00e9on fran\u00e7ais, avait \u00e9t\u00e9 initi\u00e9e en 2019 par le romancier Pascal Bruckner, le chanteur Laurent Voulzy, l\u2019entrepreneure Jennifer [&hellip;]<\/p>\n","protected":false},"author":1813,"featured_media":0,"comment_status":"closed","ping_status":"closed","sticky":false,"template":"","format":"standard","meta":{"fifu_image_url":"https:\/\/lepays.bf\/wp-content\/uploads\/2021\/08\/BAKER.jpg","fifu_image_alt":"ENTREE DE JOSEPHINE BAKER AU PANTHEON","footnotes":""},"categories":[73,81],"tags":[],"class_list":["post-125052","post","type-post","status-publish","format-standard","hentry","category-actualite","category-burkina-faso"],"_links":{"self":[{"href":"https:\/\/linitiative.ca\/International\/wp-json\/wp\/v2\/posts\/125052","targetHints":{"allow":["GET"]}}],"collection":[{"href":"https:\/\/linitiative.ca\/International\/wp-json\/wp\/v2\/posts"}],"about":[{"href":"https:\/\/linitiative.ca\/International\/wp-json\/wp\/v2\/types\/post"}],"author":[{"embeddable":true,"href":"https:\/\/linitiative.ca\/International\/wp-json\/wp\/v2\/users\/1813"}],"replies":[{"embeddable":true,"href":"https:\/\/linitiative.ca\/International\/wp-json\/wp\/v2\/comments?post=125052"}],"version-history":[{"count":0,"href":"https:\/\/linitiative.ca\/International\/wp-json\/wp\/v2\/posts\/125052\/revisions"}],"wp:attachment":[{"href":"https:\/\/linitiative.ca\/International\/wp-json\/wp\/v2\/media?parent=125052"}],"wp:term":[{"taxonomy":"category","embeddable":true,"href":"https:\/\/linitiative.ca\/International\/wp-json\/wp\/v2\/categories?post=125052"},{"taxonomy":"post_tag","embeddable":true,"href":"https:\/\/linitiative.ca\/International\/wp-json\/wp\/v2\/tags?post=125052"}],"curies":[{"name":"wp","href":"https:\/\/api.w.org\/{rel}","templated":true}]}}