{"id":125054,"date":"2021-08-24T17:06:04","date_gmt":"2021-08-24T21:06:04","guid":{"rendered":"https:\/\/linitiative.ca\/International\/jeunesse-et-emploi-decent-un-projet-pour-capitaliser-les-interventions\/"},"modified":"2021-08-24T17:06:04","modified_gmt":"2021-08-24T21:06:04","slug":"jeunesse-et-emploi-decent-un-projet-pour-capitaliser-les-interventions","status":"publish","type":"post","link":"https:\/\/linitiative.ca\/International\/jeunesse-et-emploi-decent-un-projet-pour-capitaliser-les-interventions\/","title":{"rendered":"Jeunesse et emploi d\u00e9cent : Un projet pour capitaliser les interventions"},"content":{"rendered":"<div>\n<p><strong>Le minist\u00e8re de la Jeunesse, de la Promotion de l\u2019entrepreneuriat et de l\u2019Emploi, en collaboration avec le Bureau-pays de l\u2019Organisation internationale du travail (OIT) pour le Burkina Faso et l\u2019Agence fran\u00e7aise de d\u00e9veloppement (AFD), organisent les 24 et 25 ao\u00fbt 2021 \u00e0 Ouagadougou un atelier national de lancement du projet Accompagnement et renforcement des capacit\u00e9s pour l\u2019am\u00e9lioration, la d\u00e9finition et le suivi-\u00e9valuation de politique emploi-formation des jeunes (ARPEJ).<\/strong><\/p>\n<p>Pour faire face aux d\u00e9fis de l\u2019emploi et de la formation des jeunes, le minist\u00e8re de la Jeunesse, de la Promotion de l\u2019entrepreneuriat et de l\u2019Emploi, en collaboration avec le Bureau-pays de l\u2019Organisation internationale du travail (BIT) pour le Burkina Faso et l\u2019Agence fran\u00e7aise de d\u00e9veloppement (AFD), organisent un atelier national consacr\u00e9 aux \u00e9changes sur l\u2019\u00e9tat des lieux en mati\u00e8re de politiques et programmes d\u2019emploi-formation, les 24 et 25 ao\u00fbt 2021 \u00e0 Ouagadougou. Ce, aux fins du lancement du projet sous r\u00e9gional Accompa-gnement et renforce-ment des capacit\u00e9s pour l\u2019am\u00e9lioration, la d\u00e9finition et le suivi-\u00e9valuation de politique emploi-formation des jeunes (ARPEJ).<\/p>\n<p>Pour le coordonnateur du projet, Naceur Chaiti, le projet en \u00e9laboration couvre la C\u00f4te d\u2019Ivoire, le B\u00e9nin, le Burkina Faso, le Niger et le Togo. C\u2019est le Centre international de formation de l\u2019OIT qui est charg\u00e9 de sa coordination et de sa mise en \u0153uvre. A entendre le ministre en charge de la jeunesse, Salifo Tiemtor\u00e9, l\u2019enjeu de cet atelier est de r\u00e9unir toutes les parties prenantes int\u00e9ress\u00e9es par les probl\u00e9matiques de la jeunesse que sont l\u2019entrepreneuriat, l\u2019emploi et la formation.<\/p>\n<h3>Cr\u00e9er une synergie d\u2019actions<\/h3>\n<p>Le projet, a poursuivi le ministre Tiemtor\u00e9, vise \u00e0 renforcer la conception, la mise en \u0153uvre et le suivi-\u00e9valuation des politiques, plans, programmes et projets en mati\u00e8re d\u2019emploi et de formation. \u00ab Nous avons toujours \u00e9labor\u00e9 et mis en \u0153uvre des strat\u00e9gies en mati\u00e8re d\u2019emploi et de formation. Mais sur le terrain, la capitalisation est souvent difficile du fait que beaucoup d\u2019acteurs et de fa\u00e7on diversifi\u00e9e agissent sans une v\u00e9ritable synergie d\u2019actions \u00bb, a expliqu\u00e9 le ministre Tiemtor\u00e9. Pour sa part, le directeur g\u00e9n\u00e9ral de l\u2019Agence<\/p>\n<figure id=\"attachment_38785\" aria-describedby=\"caption-attachment-38785\" style=\"width: 300px\" class=\"wp-caption alignleft\"><img decoding=\"async\" loading=\"lazy\" class=\"size-medium wp-image-38785\" src=\"https:\/\/linitiative.ca\/International\/wp-content\/uploads\/sites\/23\/2021\/08\/emploi2-300x278-1.gif\" alt=\"\" width=\"300\" height=\"278\" srcset=\"https:\/\/linitiative.ca\/International\/wp-content\/uploads\/sites\/23\/2021\/08\/emploi2-300x278-1.gif 300w, https:\/\/www.sidwaya.info\/wp-content\/uploads\/2021\/08\/emploi2-150x139.gif 150w, https:\/\/www.sidwaya.info\/wp-content\/uploads\/2021\/08\/emploi2-453x420.gif 453w\" sizes=\"auto, (max-width: 300px) 100vw, 300px\"><figcaption id=\"caption-attachment-38785\" class=\"wp-caption-text\">Le directeur g\u00e9n\u00e9ral de l\u2019AFD, Gilles Chausse, a pr\u00e9cis\u00e9 que ce projet va permettre de capitaliser les actions au profit de la jeunesse.<\/figcaption><\/figure>\n<p>fran\u00e7aise de d\u00e9veloppement (AFD), Gilles Chausse, a pr\u00e9cis\u00e9 qu\u2019il faut partir des besoins tels qu\u2019ils sont ressentis par l\u2019ensemble des intervenants qui participent \u00e0 cet atelier (repr\u00e9sentants des employ\u00e9s, des employeurs, des syndicats, de la soci\u00e9t\u00e9 civile, des \u00e9lus et des chercheurs), pour mieux comprendre les dynamiques en rapport avec l\u2019emploi, la formation et la jeunesse.<\/p>\n<p>\u00ab Aujourd\u2019hui, il faut jeter un regard critique sur les politiques publiques qui sont conduites partout dans le monde en mati\u00e8re d\u2019emploi et de jeunesse. Elles sont des politiques tr\u00e8s difficiles \u00e0 concevoir, car elles doivent partir des r\u00e9alit\u00e9s du pays et c\u2019est bien le sens de ce s\u00e9minaire qui va, \u00e0 travers le projet ARPEJ, r\u00e9aliser des enqu\u00eates nationales pour bien comprendre quels sont les besoins r\u00e9els exprim\u00e9s par la jeunesse et les autres acteurs du march\u00e9 de l\u2019emploi \u00bb, a soutenu M. Chausse. Le repr\u00e9sentant du Directeur-pays de l\u2019OIT au Burkina Faso, Issaka Ilboudo, a remerci\u00e9 les autorit\u00e9s burkinab\u00e8 pour l\u2019organisation de cet atelier d\u2019o\u00f9 sortira un r\u00e9f\u00e9rentiel d\u00e9volu \u00e0 renforcer l\u2019employabilit\u00e9 des jeunes pour leur permettre d\u2019acc\u00e9der \u00e0 des emplois d\u00e9cents et \u00e9quitables.<\/p>\n<p style=\"text-align: right\"><strong>Emmanuel BICABA <\/strong><\/p>\n<p>L\u2019article <a rel=\"nofollow\" href=\"https:\/\/www.sidwaya.info\/blog\/2021\/08\/24\/jeunesse-et-emploi-decent-un-projet-pour-capitaliser-les-interventions\/\">Jeunesse et emploi d\u00e9cent : Un projet pour capitaliser les interventions<\/a> est apparu en premier sur <a rel=\"nofollow\" href=\"https:\/\/www.sidwaya.info\/\">Quotidien Sidwaya<\/a>.<\/p>\n<\/div>\n<p>Auteur: JK. Sidwaya<br \/>\n<a href=\"https:\/\/www.sidwaya.info\/blog\/2021\/08\/24\/jeunesse-et-emploi-decent-un-projet-pour-capitaliser-les-interventions\/\">Cliquez ici pour lire l&rsquo;article depuis sa source.<\/a><\/p>\n","protected":false},"excerpt":{"rendered":"<p>Le minist\u00e8re de la Jeunesse, de la Promotion de l\u2019entrepreneuriat et de l\u2019Emploi, en collaboration avec le Bureau-pays de l\u2019Organisation internationale du travail (OIT) pour le Burkina Faso et l\u2019Agence fran\u00e7aise de d\u00e9veloppement (AFD), organisent les 24 et 25 ao\u00fbt 2021 \u00e0 Ouagadougou un atelier national de lancement du projet Accompagnement et renforcement des capacit\u00e9s [&hellip;]<\/p>\n","protected":false},"author":1816,"featured_media":0,"comment_status":"closed","ping_status":"closed","sticky":false,"template":"","format":"standard","meta":{"fifu_image_url":"https:\/\/www.sidwaya.info\/wp-content\/uploads\/2021\/08\/emploi2-300x278.gif","fifu_image_alt":"Jeunesse et emploi d\u00e9cent : Un projet pour capitaliser les interventions","footnotes":""},"categories":[73,81],"tags":[],"class_list":["post-125054","post","type-post","status-publish","format-standard","hentry","category-actualite","category-burkina-faso"],"_links":{"self":[{"href":"https:\/\/linitiative.ca\/International\/wp-json\/wp\/v2\/posts\/125054","targetHints":{"allow":["GET"]}}],"collection":[{"href":"https:\/\/linitiative.ca\/International\/wp-json\/wp\/v2\/posts"}],"about":[{"href":"https:\/\/linitiative.ca\/International\/wp-json\/wp\/v2\/types\/post"}],"author":[{"embeddable":true,"href":"https:\/\/linitiative.ca\/International\/wp-json\/wp\/v2\/users\/1816"}],"replies":[{"embeddable":true,"href":"https:\/\/linitiative.ca\/International\/wp-json\/wp\/v2\/comments?post=125054"}],"version-history":[{"count":0,"href":"https:\/\/linitiative.ca\/International\/wp-json\/wp\/v2\/posts\/125054\/revisions"}],"wp:attachment":[{"href":"https:\/\/linitiative.ca\/International\/wp-json\/wp\/v2\/media?parent=125054"}],"wp:term":[{"taxonomy":"category","embeddable":true,"href":"https:\/\/linitiative.ca\/International\/wp-json\/wp\/v2\/categories?post=125054"},{"taxonomy":"post_tag","embeddable":true,"href":"https:\/\/linitiative.ca\/International\/wp-json\/wp\/v2\/tags?post=125054"}],"curies":[{"name":"wp","href":"https:\/\/api.w.org\/{rel}","templated":true}]}}