{"id":125056,"date":"2021-08-24T17:11:55","date_gmt":"2021-08-24T21:11:55","guid":{"rendered":"https:\/\/linitiative.ca\/International\/cooperation-bilaterale-lambassadeur-tunisien-fait-le-point-de-son-action-au-president-du-faso\/"},"modified":"2021-08-24T17:11:55","modified_gmt":"2021-08-24T21:11:55","slug":"cooperation-bilaterale-lambassadeur-tunisien-fait-le-point-de-son-action-au-president-du-faso","status":"publish","type":"post","link":"https:\/\/linitiative.ca\/International\/cooperation-bilaterale-lambassadeur-tunisien-fait-le-point-de-son-action-au-president-du-faso\/","title":{"rendered":"Coop\u00e9ration bilat\u00e9rale : L\u2019ambassadeur tunisien fait le point  de son action au pr\u00e9sident du Faso"},"content":{"rendered":"<div>\n<p><strong>Le Pr\u00e9sident du Faso, Roch Marc Christian Kabor\u00e9, a re\u00e7u en audience, le mardi 24 ao\u00fbt 2021 \u00e0 Ouagadougou, l\u2019ambassadeur de Tunisie au Burkina Faso en fin de mission, Mohamed Kahloun et une d\u00e9l\u00e9gation du Haut conseil de dialogue social (HCDS), conduite par son pr\u00e9sident, Domba Jean Marc Palm. <\/strong><\/p>\n<p>L\u2019ambassadeur de Tunisie au Burkina Faso, Mohamed Kahloun, sera en fin de mission le 31 ao\u00fbt prochain. Apr\u00e8s 4 ans et 6 mois pass\u00e9s au pays des Hommes int\u00e8gres, le diplomate tunisien est all\u00e9 faire le point des avanc\u00e9es de la coop\u00e9ration bilat\u00e9rale entre les deux pays au chef de l\u2019Etat, Roch Marc Christian Kabor\u00e9, le mardi 24 ao\u00fbt 2021 au palais de Kosyam. A l\u2019issue de la rencontre, l\u2019ambassadeur a indiqu\u00e9 que de nombreuses actions ont \u00e9t\u00e9 men\u00e9es sur les plans \u00e9conomique, commercial et dans le domaine de l\u2019enseignement sup\u00e9rieur et de la formation professionnelle.<\/p>\n<p>\u00ab Nous avons remarqu\u00e9 un dynamisme acc\u00e9l\u00e9r\u00e9 sur le plan des visites des hauts responsables des deux pays. Nous avons re\u00e7u la visite du Premier ministre tunisien au Burkina en 2017 qui a inaugur\u00e9 notre ambassade avec le chef du gouvernement burkinab\u00e8. De m\u00eame, celui-ci \u00e9tait all\u00e9 en Tunisie \u00bb, a-t-il relev\u00e9. De l\u2019avis de M. Kahloun, \u00e0 la suite de ces visites, les deux parties ont not\u00e9 un niveau acceptable de coop\u00e9ration et de contacts malgr\u00e9 la pand\u00e9mie de la COVID-19.<\/p>\n<p>\u00ab Nous avons remarqu\u00e9 un dynamisme dans le secteur priv\u00e9. Les op\u00e9rateurs \u00e9conomiques tunisiens ont pr\u00e9f\u00e9r\u00e9 le Burkina comme destination privil\u00e9gi\u00e9e pour \u00e9laborer des projets en partenariat avec leurs homologues burkinab\u00e8 dans tous les domaines surtout au niveau des infrastructures et des constructions routi\u00e8res \u00bb, a poursuivi le diplomate. En guise de perspectives, la repr\u00e9sentation tunisienne nourrit l\u2019ambition de renforcer davantage la coop\u00e9ration \u00e0 travers la prochaine session de la commission mixte entre les deux pays qui doit se tenir \u00ab bient\u00f4t \u00bb au Burkina.<\/p>\n<p>\u00ab Cette commission sera une opportunit\u00e9 pour \u00e9valuer la coop\u00e9ration entre les deux pays afin de l\u2019\u00e9largir et de signer d\u2019autres accords. Elle sera aussi l\u2019occasion de chercher des solutions aux entraves des relations entre les deux Nations notamment sur les plans des transports, du financement ou sur la COVID-19 qui a impact\u00e9 n\u00e9gativement les relations \u00bb, a assur\u00e9 Mohamed Kahloun.<\/p>\n<h3>Apaiser les tensions<\/h3>\n<p>A la suite du diplomate tunisien, le pr\u00e9sident du Faso a re\u00e7u une d\u00e9l\u00e9gation du Haut conseil de dialogue social (HCDS). Conduite par son pr\u00e9sident, Domba Jean Marc Palm, l\u2019\u00e9quipe a confi\u00e9 \u00eatre venue remettre le rapport g\u00e9n\u00e9ral des activit\u00e9s des trois ans de fonctionnement de l\u2019institution et un fascicule sur la cr\u00e9ation du Haut conseil de dialogue social au chef de l\u2019Etat. Le rapport g\u00e9n\u00e9ral, a expliqu\u00e9 M. Palm, fait le point des activit\u00e9s de renforcement des capacit\u00e9s des acteurs, des r\u00e8glements des tensions dans le monde du travail et de la sensibilisation organis\u00e9es par l\u2019institution.<\/p>\n<p>A l\u2019\u00e9couter, le HCDS est intervenu dans tous les secteurs d\u2019activit\u00e9s pour apaiser les tensions et trouver une solution \u00e0 travers le dialogue. \u00ab Les crises r\u00e9solues sont essentiellement dans le secteur du b\u00e2timent et des transports. Nous avons pu apaiser les tensions et m\u00eame accompagner les transporteurs pour la cr\u00e9ation de leur fa\u00eeti\u00e8re \u00bb, s\u2019est-il r\u00e9joui. Cependant, le pr\u00e9sident du HCDS a relev\u00e9 la persistance de quelques \u00ab petites tensions \u00bb dans le secteur des transports du fait d\u2019autres acteurs qui interviennent dans le domaine. A ce propos, M. Palm a rassur\u00e9 que son organisation continuera de suivre la question pour sa r\u00e9solution d\u00e9finitive.<\/p>\n<p>Concernant le fascicule, le premier responsable de l\u2019institution a confi\u00e9 qu\u2019il retrace la gen\u00e8se de la cr\u00e9ation du HCDS ainsi que les principaux acteurs. A travers ce document, a-t-il pr\u00e9cis\u00e9, le HCDS veut mettre fin aux rumeurs qui font croire que c\u2019est le gouvernement qui a d\u00e9cid\u00e9 de cr\u00e9er l\u2019institution. \u00ab D\u00e8s le d\u00e9part, il y a eu des accusations de part et d\u2019autre comme si certains \u00e9taient venus au Haut conseil pour se faire de l\u2019argent alors qu\u2019il n\u2019en n\u2019est rien. Il \u00e9tait donc n\u00e9cessaire de faire la clart\u00e9. L\u2019ensemble des acteurs du monde du travail a pris part \u00e0 ce processus de cr\u00e9ation \u00bb, a-t-il expliqu\u00e9.<\/p>\n<p style=\"text-align: right\"><strong>Abdoulaye BALBONE<\/strong><\/p>\n<p>L\u2019article <a rel=\"nofollow\" href=\"https:\/\/www.sidwaya.info\/blog\/2021\/08\/24\/cooperation-bilaterale-lambassadeur-tunisien-fait-le-point-de-son-action-au-president-du-faso\/\">Coop\u00e9ration bilat\u00e9rale : L\u2019ambassadeur tunisien fait le point  de son action au pr\u00e9sident du Faso<\/a> est apparu en premier sur <a rel=\"nofollow\" href=\"https:\/\/www.sidwaya.info\/\">Quotidien Sidwaya<\/a>.<\/p>\n<\/div>\n<p>Auteur: JK. Sidwaya<br \/>\n<a href=\"https:\/\/www.sidwaya.info\/blog\/2021\/08\/24\/cooperation-bilaterale-lambassadeur-tunisien-fait-le-point-de-son-action-au-president-du-faso\/\">Cliquez ici pour lire l&rsquo;article depuis sa source.<\/a><\/p>\n","protected":false},"excerpt":{"rendered":"<p>Le Pr\u00e9sident du Faso, Roch Marc Christian Kabor\u00e9, a re\u00e7u en audience, le mardi 24 ao\u00fbt 2021 \u00e0 Ouagadougou, l\u2019ambassadeur de Tunisie au Burkina Faso en fin de mission, Mohamed Kahloun et une d\u00e9l\u00e9gation du Haut conseil de dialogue social (HCDS), conduite par son pr\u00e9sident, Domba Jean Marc Palm. L\u2019ambassadeur de Tunisie au Burkina Faso, [&hellip;]<\/p>\n","protected":false},"author":1816,"featured_media":0,"comment_status":"closed","ping_status":"closed","sticky":false,"template":"","format":"standard","meta":{"fifu_image_url":"","fifu_image_alt":"","footnotes":""},"categories":[73,81],"tags":[],"class_list":["post-125056","post","type-post","status-publish","format-standard","hentry","category-actualite","category-burkina-faso"],"_links":{"self":[{"href":"https:\/\/linitiative.ca\/International\/wp-json\/wp\/v2\/posts\/125056","targetHints":{"allow":["GET"]}}],"collection":[{"href":"https:\/\/linitiative.ca\/International\/wp-json\/wp\/v2\/posts"}],"about":[{"href":"https:\/\/linitiative.ca\/International\/wp-json\/wp\/v2\/types\/post"}],"author":[{"embeddable":true,"href":"https:\/\/linitiative.ca\/International\/wp-json\/wp\/v2\/users\/1816"}],"replies":[{"embeddable":true,"href":"https:\/\/linitiative.ca\/International\/wp-json\/wp\/v2\/comments?post=125056"}],"version-history":[{"count":0,"href":"https:\/\/linitiative.ca\/International\/wp-json\/wp\/v2\/posts\/125056\/revisions"}],"wp:attachment":[{"href":"https:\/\/linitiative.ca\/International\/wp-json\/wp\/v2\/media?parent=125056"}],"wp:term":[{"taxonomy":"category","embeddable":true,"href":"https:\/\/linitiative.ca\/International\/wp-json\/wp\/v2\/categories?post=125056"},{"taxonomy":"post_tag","embeddable":true,"href":"https:\/\/linitiative.ca\/International\/wp-json\/wp\/v2\/tags?post=125056"}],"curies":[{"name":"wp","href":"https:\/\/api.w.org\/{rel}","templated":true}]}}