{"id":125057,"date":"2021-08-24T17:14:51","date_gmt":"2021-08-24T21:14:51","guid":{"rendered":"https:\/\/linitiative.ca\/International\/tchad-destins-croises-de-grands-hommes\/"},"modified":"2021-08-24T17:14:51","modified_gmt":"2021-08-24T21:14:51","slug":"tchad-destins-croises-de-grands-hommes","status":"publish","type":"post","link":"https:\/\/linitiative.ca\/International\/tchad-destins-croises-de-grands-hommes\/","title":{"rendered":"Tchad\u00a0: destins crois\u00e9s  de \u00ab\u00a0grands\u00a0\u00bb hommes"},"content":{"rendered":"<div>\n<p>La nouvelle est tomb\u00e9e t\u00f4t hier mardi 24 ao\u00fbt, annon\u00e7ant la mort de l\u2019ex-Pr\u00e9sident tchadien, Hiss\u00e8ne Habr\u00e9 (1982 \u00e0 1990) des suites de la maladie \u00e0 coronavirus au S\u00e9n\u00e9gal o\u00f9 il purgeait une peine de prison \u00e0 perp\u00e9tuit\u00e9 pour crimes de guerre, crimes contre l\u2019humanit\u00e9. L\u2019ex-pr\u00e9sident a eu le m\u00eame destin que ses pr\u00e9d\u00e9cesseurs \u00e0 la t\u00eate du Tchad : celui d\u2019hommes liges qui, apr\u00e8s avoir b\u00e9n\u00e9fici\u00e9 du soutien direct de la France pour acc\u00e9der au pouvoir, ont voulu s\u2019\u00e9manciper et prendre leur \u00ab ind\u00e9pendance \u00bb. Des g\u00e9n\u00e9raux F\u00e9lix Maloum et Fran\u00e7ois Tombalbaye \u00e0 Goukouni Weddeye, il y a toujours eu comme un destin implacable \u00e0 subir.<\/p>\n<p>Habr\u00e9, de retour dans son pays, apr\u00e8s ses \u00e9tudes dans l\u2019Hexagone, a rejoint le Front de lib\u00e9ration nationale du Tchad (FROLINAT), dont il prend la t\u00eate, avant de fonder, avec un autre Nordiste, Goukouni Weddeye, le conseil des Forces arm\u00e9es du Nord (FAN). Devenu Premier ministre de ce dernier, il le combat jusqu\u2019\u00e0 la chute en 1982, avant que son chef d\u2019\u00e9tat-major g\u00e9n\u00e9ral, le colonel Idriss D\u00e9by, le chasse \u00e0 son tour en d\u00e9cembre 1990. Depuis, la vie de celui que l\u2019on surnommait le roi du d\u00e9sert \u00e9tait celui d\u2019un exil\u00e9 au S\u00e9n\u00e9gal o\u00f9 il a \u00e9t\u00e9 le premier Africain \u00e0 \u00eatre jug\u00e9 par une Cour sp\u00e9ciale africaine et condamn\u00e9 \u00e0 perp\u00e9tuit\u00e9.<\/p>\n<p>Les Africains avaient suivi ce proc\u00e8s auquel le principal accus\u00e9 avait d\u2019abord refus\u00e9 de participer, avant d\u2019\u00eatre port\u00e9, comme un fardeau, par la s\u00e9curit\u00e9 s\u00e9n\u00e9galaise \u00e0 l\u2019audience. Puis, il avait pr\u00e9f\u00e9r\u00e9 ne rien dire, peut-\u00eatre aussi ne rien entendre. De Habr\u00e9, l\u2019histoire retiendra qu\u2019il a sign\u00e9 son arr\u00eat de chute politique en 1974 o\u00f9 il a fait enlever et retenir la chercheuse Fran\u00e7oise Claustre trois ans durant avant de l\u2019ex\u00e9cuter. Un crime que la France ne pardonnera jamais, au point de lui faire payer cet ent\u00eatement huit ans apr\u00e8s. Une longue proc\u00e9dure judiciaire sera ouverte contre lui en 2013 qui aboutira \u00e0 ce proc\u00e8s historique et \u00e0 sa condamnation \u00e0 perp\u00e9tuit\u00e9. Les victimes des actes de torture, environ 40 000 personnes, apr\u00e8s ce verdict, \u00e9taient entr\u00e9es dans la suite des d\u00e9dommagements qui tardaient \u00e0 se concr\u00e9tiser.<\/p>\n<p>La mort de Habr\u00e9, quatre mois apr\u00e8s celle de Deby, pourrait-elle permettre \u00e0 ce peuple, qui vit depuis des lustres dans un climat d\u2019hostilit\u00e9, d\u2019esp\u00e9rer d\u2019autres horizons ? Le d\u00e9funt part en laissant \u00e0 sa famille biologique l\u2019image d\u2019un p\u00e8re exemplaire, d\u2019un leader qui s\u2019est battu pour les autres. Mais pour bien de Tchadiens, Hiss\u00e8ne Habr\u00e9 a la renomm\u00e9e de tyran, de despote et de dictateur. Car Habr\u00e9 repr\u00e9sente le Tchad des ann\u00e9es 1980, emp\u00eatr\u00e9 dans une guerre interminable et encastr\u00e9 dans des alliances contre nature. C\u2019est bien une page qui se referme sans r\u00e9ellement apporter avec elle les tourments que ce grand pays conna\u00eet depuis son ind\u00e9pendance. L\u2019ex-pr\u00e9sident Habr\u00e9 allonge la liste des dirigeants chass\u00e9s par leurs successeurs et morts en exil comme Mobutu, Ahidjo, Ben Ali\u2026<\/p>\n<p style=\"text-align: right\"><strong>Jean Philippe TOUGOUMA <\/strong><\/p>\n<p>L\u2019article <a rel=\"nofollow\" href=\"https:\/\/www.sidwaya.info\/blog\/2021\/08\/24\/tchad-destins-croises-de-grands-hommes\/\">Tchad\u00a0: destins crois\u00e9s  de \u00ab\u00a0grands\u00a0\u00bb hommes<\/a> est apparu en premier sur <a rel=\"nofollow\" href=\"https:\/\/www.sidwaya.info\/\">Quotidien Sidwaya<\/a>.<\/p>\n<\/div>\n<p>Auteur: JK. Sidwaya<br \/>\n<a href=\"https:\/\/www.sidwaya.info\/blog\/2021\/08\/24\/tchad-destins-croises-de-grands-hommes\/\">Cliquez ici pour lire l&rsquo;article depuis sa source.<\/a><\/p>\n","protected":false},"excerpt":{"rendered":"<p>La nouvelle est tomb\u00e9e t\u00f4t hier mardi 24 ao\u00fbt, annon\u00e7ant la mort de l\u2019ex-Pr\u00e9sident tchadien, Hiss\u00e8ne Habr\u00e9 (1982 \u00e0 1990) des suites de la maladie \u00e0 coronavirus au S\u00e9n\u00e9gal o\u00f9 il purgeait une peine de prison \u00e0 perp\u00e9tuit\u00e9 pour crimes de guerre, crimes contre l\u2019humanit\u00e9. L\u2019ex-pr\u00e9sident a eu le m\u00eame destin que ses pr\u00e9d\u00e9cesseurs \u00e0 [&hellip;]<\/p>\n","protected":false},"author":1816,"featured_media":0,"comment_status":"closed","ping_status":"closed","sticky":false,"template":"","format":"standard","meta":{"fifu_image_url":"","fifu_image_alt":"","footnotes":""},"categories":[73,81],"tags":[],"class_list":["post-125057","post","type-post","status-publish","format-standard","hentry","category-actualite","category-burkina-faso"],"_links":{"self":[{"href":"https:\/\/linitiative.ca\/International\/wp-json\/wp\/v2\/posts\/125057","targetHints":{"allow":["GET"]}}],"collection":[{"href":"https:\/\/linitiative.ca\/International\/wp-json\/wp\/v2\/posts"}],"about":[{"href":"https:\/\/linitiative.ca\/International\/wp-json\/wp\/v2\/types\/post"}],"author":[{"embeddable":true,"href":"https:\/\/linitiative.ca\/International\/wp-json\/wp\/v2\/users\/1816"}],"replies":[{"embeddable":true,"href":"https:\/\/linitiative.ca\/International\/wp-json\/wp\/v2\/comments?post=125057"}],"version-history":[{"count":0,"href":"https:\/\/linitiative.ca\/International\/wp-json\/wp\/v2\/posts\/125057\/revisions"}],"wp:attachment":[{"href":"https:\/\/linitiative.ca\/International\/wp-json\/wp\/v2\/media?parent=125057"}],"wp:term":[{"taxonomy":"category","embeddable":true,"href":"https:\/\/linitiative.ca\/International\/wp-json\/wp\/v2\/categories?post=125057"},{"taxonomy":"post_tag","embeddable":true,"href":"https:\/\/linitiative.ca\/International\/wp-json\/wp\/v2\/tags?post=125057"}],"curies":[{"name":"wp","href":"https:\/\/api.w.org\/{rel}","templated":true}]}}