{"id":125058,"date":"2021-08-24T17:21:56","date_gmt":"2021-08-24T21:21:56","guid":{"rendered":"https:\/\/linitiative.ca\/International\/secteur-agricole-un-projet-pour-booster-la-production-de-larachide\/"},"modified":"2021-08-24T17:21:56","modified_gmt":"2021-08-24T21:21:56","slug":"secteur-agricole-un-projet-pour-booster-la-production-de-larachide","status":"publish","type":"post","link":"https:\/\/linitiative.ca\/International\/secteur-agricole-un-projet-pour-booster-la-production-de-larachide\/","title":{"rendered":"Secteur agricole : Un projet pour booster la production  de l\u2019arachide"},"content":{"rendered":"<div>\n<p><strong>Le minist\u00e8re en charge de l\u2019agriculture a lanc\u00e9 le \u00ab Projet d\u2019intensification de la production agro-\u00e9cologique et de la transformation de l\u2019arachide au Burkina Faso \u00bb (PAPITA-BF) le mardi 24 ao\u00fbt 2021, \u00e0 Ouagadougou.<\/strong><\/p>\n<p>Selon l\u2019UNICEF, au Burkina Faso, plus de 535 000 enfants de moins de 5 ans souffrent de malnutrition aig\u00fce globale, avec plus de 156 000 pr\u00e9sentant une forme s\u00e9v\u00e8re. L\u2019arachide, une ol\u00e9agineuse consomm\u00e9e dans presque toutes les familles, pr\u00e9sente une grande qualit\u00e9 nutritive pouvant contribuer \u00e0 la r\u00e9cup\u00e9ration d\u2019enfants malnutris. Malheureusement, selon le minist\u00e8re de l\u2019Agriculture, des Am\u00e9nagements hydro-agricoles et de la M\u00e9canisation (MAAHM), la fili\u00e8re locale de production d\u2019arachide est confront\u00e9e \u00e0 des probl\u00e8mes de qualit\u00e9 dus \u00e0 une forte contamination par l\u2019aflatoxine de l\u2019ordre de 65%.<\/p>\n<p>Dans l\u2019objectif d\u2019am\u00e9liorer la qualit\u00e9 et la productivit\u00e9 de l\u2019arachide, ce d\u00e9partement a initi\u00e9 le \u00ab Projet d\u2019intensification de la production agro-\u00e9cologique et de la transformation de l\u2019arachide au Burkina Faso \u00bb (PAPITA-BF). Le lancement officiel de PAPITA-BF a eu lieu, le mardi 24 ao\u00fbt 2021, \u00e0 Ouagadougou. Il entre dans le cadre de la mise en \u0153uvre du Projet d\u2019agriculture contractuelle et transition \u00e9cologique (PACTE). D\u2019un co\u00fbt global de 28 milliards F CFA, ce projet couvre les r\u00e9gions du Nord et du Centre-Est pour la p\u00e9riode 2021- 2023.<\/p>\n<h3>Acheter 500 tonnes d\u2019arachides<\/h3>\n<figure id=\"attachment_38794\" aria-describedby=\"caption-attachment-38794\" style=\"width: 300px\" class=\"wp-caption alignleft\"><img decoding=\"async\" loading=\"lazy\" class=\"size-medium wp-image-38794\" src=\"https:\/\/linitiative.ca\/International\/wp-content\/uploads\/sites\/23\/2021\/08\/arachide2-300x200-1.gif\" alt=\"\" width=\"300\" height=\"200\" srcset=\"https:\/\/linitiative.ca\/International\/wp-content\/uploads\/sites\/23\/2021\/08\/arachide2-300x200-1.gif 300w, https:\/\/www.sidwaya.info\/wp-content\/uploads\/2021\/08\/arachide2-768x512.gif 768w, https:\/\/www.sidwaya.info\/wp-content\/uploads\/2021\/08\/arachide2-150x100.gif 150w, https:\/\/www.sidwaya.info\/wp-content\/uploads\/2021\/08\/arachide2-696x464.gif 696w, https:\/\/www.sidwaya.info\/wp-content\/uploads\/2021\/08\/arachide2-630x420.gif 630w\" sizes=\"auto, (max-width: 300px) 100vw, 300px\"><figcaption id=\"caption-attachment-38794\" class=\"wp-caption-text\">Selon le repr\u00e9sentant du MAAHM, Brama Barro, le projet PAPITA va permettre de pr\u00e9venir la contamination par l\u2019aflatoxine<br \/>et de professionnaliser les coop\u00e9ratives agricoles.<\/figcaption><\/figure>\n<p>Selon le repr\u00e9sentant du MAAHM, Brama Barro, le PAPITA-BF vise \u00e0 garantir un march\u00e9 aux acteurs de la fili\u00e8re. Il constitue une opportunit\u00e9 pour les producteurs d\u2019arachides de redynamiser la fili\u00e8re \u00e0 travers l\u2019am\u00e9lioration de la production en quantit\u00e9 et en qualit\u00e9, l\u2019am\u00e9lioration des revenus tir\u00e9s de cette sp\u00e9culation, le renforcement de leurs capacit\u00e9s sur les pratiques agro-\u00e9cologiques intensives, a-t-il poursuivi. Le projet va \u00e9galement permettre de pr\u00e9venir la contamination par l\u2019aflatoxine de la production et de professionnaliser les coop\u00e9ratives agricoles \u00e0 travers l\u2019adoption de l\u2019agriculture contractuelle. Le projet est bien accueilli par les principaux b\u00e9n\u00e9ficiaires.<\/p>\n<p>\u00ab Avant la mise en place du projet, nous rencontrions assez de difficult\u00e9s, en termes de techniques de production, d\u2019acc\u00e8s au march\u00e9. En tant que producteur, ce projet va nous aider \u00e0 bien produire des arachides en quantit\u00e9 et en qualit\u00e9 et \u00e0 acc\u00e9der \u00e0 un march\u00e9 garanti \u00bb, s\u2019est r\u00e9joui le pr\u00e9sident de l\u2019Union r\u00e9gionale des producteurs d\u2019arachides du Centre-Est, Bruno Dada. L\u2019entreprise agroalimentaire, InnoFaso, sp\u00e9cialis\u00e9e dans la transformation de l\u2019arachide en aliments th\u00e9rapeutiques, face \u00e0 la faible qualit\u00e9 de l\u2019arachide locale, est oblig\u00e9e de s\u2019approvisionner en arachide graine torr\u00e9fi\u00e9e de qualit\u00e9 exempt d\u2019aflatoxine en Argentine de plusieurs centaines de tonnes par an, \u00e0 plus de 400 millions FCFA. \u00ab Nous importons 500 tonnes d\u2019arachides. Notre objectif \u00e0 terme est d\u2019acheter int\u00e9gralement cette quantit\u00e9 au Burkina Faso. Nous esp\u00e9rons qu\u2019avec ce projet, nous allons y parvenir tr\u00e8s vite \u00bb, a laiss\u00e9 entendre son directeur g\u00e9n\u00e9ral, Omar Coulibaly.<\/p>\n<p style=\"text-align: right\"><strong>Mahamadi SEBOGO <\/strong><\/p>\n<p style=\"text-align: right\">Windmad76@gmail.com<\/p>\n<p>L\u2019article <a rel=\"nofollow\" href=\"https:\/\/www.sidwaya.info\/blog\/2021\/08\/24\/secteur-agricole-un-projet-pour-booster-la-production-de-larachide\/\">Secteur agricole : Un projet pour booster la production  de l\u2019arachide<\/a> est apparu en premier sur <a rel=\"nofollow\" href=\"https:\/\/www.sidwaya.info\/\">Quotidien Sidwaya<\/a>.<\/p>\n<\/div>\n<p>Auteur: JK. Sidwaya<br \/>\n<a href=\"https:\/\/www.sidwaya.info\/blog\/2021\/08\/24\/secteur-agricole-un-projet-pour-booster-la-production-de-larachide\/\">Cliquez ici pour lire l&rsquo;article depuis sa source.<\/a><\/p>\n","protected":false},"excerpt":{"rendered":"<p>Le minist\u00e8re en charge de l\u2019agriculture a lanc\u00e9 le \u00ab Projet d\u2019intensification de la production agro-\u00e9cologique et de la transformation de l\u2019arachide au Burkina Faso \u00bb (PAPITA-BF) le mardi 24 ao\u00fbt 2021, \u00e0 Ouagadougou. Selon l\u2019UNICEF, au Burkina Faso, plus de 535 000 enfants de moins de 5 ans souffrent de malnutrition aig\u00fce globale, avec [&hellip;]<\/p>\n","protected":false},"author":1816,"featured_media":0,"comment_status":"closed","ping_status":"closed","sticky":false,"template":"","format":"standard","meta":{"fifu_image_url":"https:\/\/www.sidwaya.info\/wp-content\/uploads\/2021\/08\/arachide2-300x200.gif","fifu_image_alt":"Secteur agricole : Un projet pour booster la production  de l\u2019arachide","footnotes":""},"categories":[73,81],"tags":[],"class_list":["post-125058","post","type-post","status-publish","format-standard","hentry","category-actualite","category-burkina-faso"],"_links":{"self":[{"href":"https:\/\/linitiative.ca\/International\/wp-json\/wp\/v2\/posts\/125058","targetHints":{"allow":["GET"]}}],"collection":[{"href":"https:\/\/linitiative.ca\/International\/wp-json\/wp\/v2\/posts"}],"about":[{"href":"https:\/\/linitiative.ca\/International\/wp-json\/wp\/v2\/types\/post"}],"author":[{"embeddable":true,"href":"https:\/\/linitiative.ca\/International\/wp-json\/wp\/v2\/users\/1816"}],"replies":[{"embeddable":true,"href":"https:\/\/linitiative.ca\/International\/wp-json\/wp\/v2\/comments?post=125058"}],"version-history":[{"count":0,"href":"https:\/\/linitiative.ca\/International\/wp-json\/wp\/v2\/posts\/125058\/revisions"}],"wp:attachment":[{"href":"https:\/\/linitiative.ca\/International\/wp-json\/wp\/v2\/media?parent=125058"}],"wp:term":[{"taxonomy":"category","embeddable":true,"href":"https:\/\/linitiative.ca\/International\/wp-json\/wp\/v2\/categories?post=125058"},{"taxonomy":"post_tag","embeddable":true,"href":"https:\/\/linitiative.ca\/International\/wp-json\/wp\/v2\/tags?post=125058"}],"curies":[{"name":"wp","href":"https:\/\/api.w.org\/{rel}","templated":true}]}}