{"id":125060,"date":"2021-08-24T17:28:21","date_gmt":"2021-08-24T21:28:21","guid":{"rendered":"https:\/\/linitiative.ca\/International\/deces-du-dr-lancina-sanou-pere-de-iron-biby-les-adieux-dune-figure-de-leducation-bobolaise\/"},"modified":"2021-08-24T17:28:21","modified_gmt":"2021-08-24T21:28:21","slug":"deces-du-dr-lancina-sanou-pere-de-iron-biby-les-adieux-dune-figure-de-leducation-bobolaise","status":"publish","type":"post","link":"https:\/\/linitiative.ca\/International\/deces-du-dr-lancina-sanou-pere-de-iron-biby-les-adieux-dune-figure-de-leducation-bobolaise\/","title":{"rendered":"D\u00e9c\u00e8s du Dr Lancina Sanou, p\u00e8re  de \u00ab Iron Biby \u00bb : Les adieux d\u2019une \u00ab figure \u00bb  de l\u2019\u00e9ducation bobolaise"},"content":{"rendered":"<div>\n<p><strong>D\u00e9c\u00e9d\u00e9 dans la nuit du 20 au 21 ao\u00fbt 2021, le fondateur des \u00e9coles \u00ab Alpha Solidarit\u00e9 \u00bb, Dr Lancina Sanou, a \u00e9t\u00e9 inhum\u00e9 le lundi 23 ao\u00fbt 2021, \u00e0 Bobo-Dioulasso.<\/strong><\/p>\n<p>C\u2019est une mar\u00e9e humaine qui a accompagn\u00e9 le fondateur des complexes scolaires \u00ab Alpha Solidarit\u00e9 \u00bb, Dr Lancina Sanou \u00e0 sa derni\u00e8re demeure. Il a \u00e9t\u00e9 inhum\u00e9 \u00e0 son domicile au secteur 5 de Bobo-Dioulasso, dans l\u2019apr\u00e8s-midi du lundi 23 ao\u00fbt 2021. Plut\u00f4t dans la matin\u00e9e, un dernier hommage lui a \u00e9t\u00e9 rendu dans la cour du complexe scolaire \u00ab Alpha Solidarit\u00e9 \u00bb sis au secteur 21 de la ville, o\u00f9 la d\u00e9pouille a \u00e9t\u00e9 expos\u00e9e. Ainsi, les parents, les amis, les connaissances du d\u00e9funt et surtout la grande communaut\u00e9 scolaire qu\u2019il a forg\u00e9e lui a rendu un \u00ab vibrant \u00bb hommage.<\/p>\n<p>A tour de r\u00f4le les uns et les autres ont d\u00e9roul\u00e9 leurs t\u00e9moignages et exp\u00e9riences v\u00e9cus avec le disparu. \u00ab En tant que papa il a \u00e9t\u00e9 un tr\u00e8s bon \u00e9ducateur. Nous le savons tr\u00e8s rigoureux \u00bb a laiss\u00e9 entendre son fils a\u00een\u00e9, Dr Ti\u00e9moko Oumar Sanou. Un autre de ses fils et non des moindres, le champion du monde en \u00ab log lift \u00bb, Cheick Ahmed Al-Hassan Sanou surnomm\u00e9 \u00ab Iron Biby \u00bb, a partag\u00e9 autant de souvenirs v\u00e9cus avec son g\u00e9niteur. \u00ab Aujourd\u2019hui, quand on parle de Iron Biby, c\u2019est vraiment gr\u00e2ce \u00e0 papa. Il a toujours \u00e9t\u00e9 disponible et un bon strat\u00e8ge pour moi \u00bb a lanc\u00e9 le \u00ab strong man \u00bb \u00e0 l\u2019endroit de celui qu\u2019il appelait affectueusement son \u00ab big boss \u00bb.<\/p>\n<figure id=\"attachment_38798\" aria-describedby=\"caption-attachment-38798\" style=\"width: 300px\" class=\"wp-caption alignleft\"><img decoding=\"async\" loading=\"lazy\" class=\"size-medium wp-image-38798\" src=\"https:\/\/linitiative.ca\/International\/wp-content\/uploads\/sites\/23\/2021\/08\/iron2-300x219-1.gif\" alt=\"\" width=\"300\" height=\"219\" srcset=\"https:\/\/linitiative.ca\/International\/wp-content\/uploads\/sites\/23\/2021\/08\/iron2-300x219-1.gif 300w, https:\/\/www.sidwaya.info\/wp-content\/uploads\/2021\/08\/iron2-150x109.gif 150w, https:\/\/www.sidwaya.info\/wp-content\/uploads\/2021\/08\/iron2-576x420.gif 576w, https:\/\/www.sidwaya.info\/wp-content\/uploads\/2021\/08\/iron2-324x235.gif 324w\" sizes=\"auto, (max-width: 300px) 100vw, 300px\"><figcaption id=\"caption-attachment-38798\" class=\"wp-caption-text\">\u2026par une foule nombreuse \u00e0 sa derni\u00e8re demeure.<\/figcaption><\/figure>\n<p>En rappel, le d\u00e9funt est n\u00e9 le 11 juillet 1954 \u00e0 Bobo-Dioulasso. Il \u00e9tait titulaire de plusieurs dipl\u00f4mes universitaires obtenus \u00e0 l\u2019universit\u00e9 \u00ab Lyon II \u00bb, dont une ma\u00eetrise en sciences de l\u2019Education, une licence en Lettres modernes, une licence en Allemand, un dipl\u00f4me d\u2019\u00e9tudes universitaires g\u00e9n\u00e9rales en Anglais, un dipl\u00f4me des Hautes \u00e9tudes des pratiques sociales et un Doctorat du 3e cycle en linguistique appliqu\u00e9e \u00e0 la p\u00e9dagogie. Auparavant, il a fr\u00e9quent\u00e9 l\u2019Ecole priv\u00e9e Hamdallaye (Bobo-Dioulasso) de 1961 \u00e0<\/p>\n<p>1966 et l\u2019\u00e9cole primaire publique de Koutoura de 1967 \u00e0 1968 o\u00f9 il a obtenu son certificat d\u2019\u00e9tudes primaires (CEP). Le CEP et l\u2019entr\u00e9e en 6e en poche, Lancina Sanou a poursuivi son cursus scolaire au Lyc\u00e9e Ouezzin-Coulibaly de 1968 \u00e0 1972 o\u00f9 il a obtenu son Brevet d\u2019\u00e9tudes du premier cycle (BEPC). Le regrett\u00e9 a, par ailleurs, \u00e9t\u00e9 instituteur adjoint, il a servi \u00e0 l\u2019\u00e9cole primaire publique de Barkoundouba (Ndlr : dans l\u2019Oubritenga).<\/p>\n<p style=\"text-align: right\"><strong>Alpha S\u00e9kou BARRY<\/strong><\/p>\n<p style=\"text-align: right\">alphasekoubarry@gmail.com<\/p>\n<p>L\u2019article <a rel=\"nofollow\" href=\"https:\/\/www.sidwaya.info\/blog\/2021\/08\/24\/deces-du-dr-lancina-sanou-pere-de-iron-biby-les-adieux-dune-figure-de-leducation-bobolaise\/\">D\u00e9c\u00e8s du Dr Lancina Sanou, p\u00e8re  de \u00ab Iron Biby \u00bb : Les adieux d\u2019une \u00ab figure \u00bb  de l\u2019\u00e9ducation bobolaise<\/a> est apparu en premier sur <a rel=\"nofollow\" href=\"https:\/\/www.sidwaya.info\/\">Quotidien Sidwaya<\/a>.<\/p>\n<\/div>\n<p>Auteur: JK. Sidwaya<br \/>\n<a href=\"https:\/\/www.sidwaya.info\/blog\/2021\/08\/24\/deces-du-dr-lancina-sanou-pere-de-iron-biby-les-adieux-dune-figure-de-leducation-bobolaise\/\">Cliquez ici pour lire l&rsquo;article depuis sa source.<\/a><\/p>\n","protected":false},"excerpt":{"rendered":"<p>D\u00e9c\u00e9d\u00e9 dans la nuit du 20 au 21 ao\u00fbt 2021, le fondateur des \u00e9coles \u00ab Alpha Solidarit\u00e9 \u00bb, Dr Lancina Sanou, a \u00e9t\u00e9 inhum\u00e9 le lundi 23 ao\u00fbt 2021, \u00e0 Bobo-Dioulasso. C\u2019est une mar\u00e9e humaine qui a accompagn\u00e9 le fondateur des complexes scolaires \u00ab Alpha Solidarit\u00e9 \u00bb, Dr Lancina Sanou \u00e0 sa derni\u00e8re demeure. Il [&hellip;]<\/p>\n","protected":false},"author":1816,"featured_media":0,"comment_status":"closed","ping_status":"closed","sticky":false,"template":"","format":"standard","meta":{"fifu_image_url":"https:\/\/www.sidwaya.info\/wp-content\/uploads\/2021\/08\/iron2-300x219.gif","fifu_image_alt":"D\u00e9c\u00e8s du Dr Lancina Sanou, p\u00e8re  de \u00ab Iron Biby \u00bb : Les adieux d\u2019une \u00ab figure \u00bb  de l\u2019\u00e9ducation bobolaise","footnotes":""},"categories":[73,81],"tags":[],"class_list":["post-125060","post","type-post","status-publish","format-standard","hentry","category-actualite","category-burkina-faso"],"_links":{"self":[{"href":"https:\/\/linitiative.ca\/International\/wp-json\/wp\/v2\/posts\/125060","targetHints":{"allow":["GET"]}}],"collection":[{"href":"https:\/\/linitiative.ca\/International\/wp-json\/wp\/v2\/posts"}],"about":[{"href":"https:\/\/linitiative.ca\/International\/wp-json\/wp\/v2\/types\/post"}],"author":[{"embeddable":true,"href":"https:\/\/linitiative.ca\/International\/wp-json\/wp\/v2\/users\/1816"}],"replies":[{"embeddable":true,"href":"https:\/\/linitiative.ca\/International\/wp-json\/wp\/v2\/comments?post=125060"}],"version-history":[{"count":0,"href":"https:\/\/linitiative.ca\/International\/wp-json\/wp\/v2\/posts\/125060\/revisions"}],"wp:attachment":[{"href":"https:\/\/linitiative.ca\/International\/wp-json\/wp\/v2\/media?parent=125060"}],"wp:term":[{"taxonomy":"category","embeddable":true,"href":"https:\/\/linitiative.ca\/International\/wp-json\/wp\/v2\/categories?post=125060"},{"taxonomy":"post_tag","embeddable":true,"href":"https:\/\/linitiative.ca\/International\/wp-json\/wp\/v2\/tags?post=125060"}],"curies":[{"name":"wp","href":"https:\/\/api.w.org\/{rel}","templated":true}]}}