{"id":125064,"date":"2021-08-24T13:54:29","date_gmt":"2021-08-24T17:54:29","guid":{"rendered":"https:\/\/linitiative.ca\/International\/cameroun-le-gouvernement-veut-rehabiliter-la-maison-de-fonction-de-roger-milla\/"},"modified":"2021-08-24T13:54:29","modified_gmt":"2021-08-24T17:54:29","slug":"cameroun-le-gouvernement-veut-rehabiliter-la-maison-de-fonction-de-roger-milla","status":"publish","type":"post","link":"https:\/\/linitiative.ca\/International\/cameroun-le-gouvernement-veut-rehabiliter-la-maison-de-fonction-de-roger-milla\/","title":{"rendered":"Cameroun : le gouvernement veut r\u00e9habiliter la maison de fonction de Roger Milla"},"content":{"rendered":"<div>\n<p><img loading=\"lazy\" decoding=\"async\" width=\"770\" height=\"400\" src=\"https:\/\/linitiative.ca\/International\/wp-content\/uploads\/sites\/23\/2021\/08\/journalducameroun.com_roger-milla.jpg\" class=\"attachment-post-thumbnail size-post-thumbnail wp-post-image\" alt=\"\" srcset=\"https:\/\/linitiative.ca\/International\/wp-content\/uploads\/sites\/23\/2021\/08\/journalducameroun.com_roger-milla.jpg 770w, https:\/\/www.journalducameroun.com\/wp-content\/uploads\/2018\/08\/journalducameroun.com_roger-milla-300x156.jpg 300w, https:\/\/www.journalducameroun.com\/wp-content\/uploads\/2018\/08\/journalducameroun.com_roger-milla-768x399.jpg 768w, https:\/\/www.journalducameroun.com\/wp-content\/uploads\/2018\/08\/journalducameroun.com_roger-milla-600x312.jpg 600w\" sizes=\"auto, (max-width: 770px) 100vw, 770px\"><\/p>\n<h5 style=\"text-align: justify;\">En plus des infrastructures de la CAN, un appel d\u2019offre est lanc\u00e9 pour effectuer les travaux de r\u00e9habilitation du logement de l\u2019ancien Lion indomptable, ambassadeur itin\u00e9rant du sport camerounais.<\/h5>\n<p style=\"text-align: justify;\">\n<p style=\"text-align: justify;\">Il s\u2019agit de refaire la peinture, l\u2019\u00e9lectricit\u00e9, la charpente, au domicile de fonction de l\u2019Ambassadeur itin\u00e9rant \u00e0 la pr\u00e9sidence de la R\u00e9publique.<\/p>\n<p style=\"text-align: justify;\">Le 20 ao\u00fbt 2021, le minist\u00e8re des Domaines, du Cadastre et des Affaires Fonci\u00e8res (MINDCAF).a lanc\u00e9 un appel d\u2019offres pour la r\u00e9alisation de ces travaux.<\/p>\n<p style=\"text-align: justify;\">Le co\u00fbt pr\u00e9visionnel du chantier est de \u00a016,458 millions de FCFA TTC (Toute taxe comprise). Le projet sera financ\u00e9 par le Budget d\u2019Investissement Public (BIP) du minist\u00e8re de l\u2019Economie, de la Planification et de l\u2019Am\u00e9nagement du Territoire.<\/p>\n<p style=\"text-align: justify;\">Les travaux rentrent dans le chapitre des chantiers de la CAN TotalEnergies 2021. La maison de fonction de l\u2019ambassadeur Roger Milla faisant partie des lieux que vont sans doute fr\u00e9quenter des \u00a0somites du football africain et mondial<\/p>\n<p style=\"text-align: justify;\">\n<p>Cet article <a rel=\"nofollow\" href=\"https:\/\/www.journalducameroun.com\/cameroun-le-gouvernement-veut-rehabiliter-la-maison-de-fonction-de-roger-milla-cameroun\/\">Cameroun : le gouvernement veut r\u00e9habiliter la maison de fonction de Roger Milla<\/a> est apparu en premier sur <a rel=\"nofollow\" href=\"https:\/\/www.journalducameroun.com\/\">Journal du Cameroun<\/a>.<\/p>\n<\/div>\n<p>Auteur: Christian DJIMADEU<br \/>\n<a href=\"https:\/\/www.journalducameroun.com\/cameroun-le-gouvernement-veut-rehabiliter-la-maison-de-fonction-de-roger-milla-cameroun\/\">Cliquez ici pour lire l&rsquo;article depuis sa source.<\/a><\/p>\n","protected":false},"excerpt":{"rendered":"<p>En plus des infrastructures de la CAN, un appel d\u2019offre est lanc\u00e9 pour effectuer les travaux de r\u00e9habilitation du logement de l\u2019ancien Lion indomptable, ambassadeur itin\u00e9rant du sport camerounais. Il s\u2019agit de refaire la peinture, l\u2019\u00e9lectricit\u00e9, la charpente, au domicile de fonction de l\u2019Ambassadeur itin\u00e9rant \u00e0 la pr\u00e9sidence de la R\u00e9publique. Le 20 ao\u00fbt 2021, [&hellip;]<\/p>\n","protected":false},"author":1965,"featured_media":0,"comment_status":"closed","ping_status":"closed","sticky":false,"template":"","format":"standard","meta":{"fifu_image_url":"https:\/\/www.journalducameroun.com\/wp-content\/uploads\/2018\/08\/journalducameroun.com_roger-milla.jpg","fifu_image_alt":"Cameroun : le gouvernement veut r\u00e9habiliter la maison de fonction de Roger Milla","footnotes":""},"categories":[73,82],"tags":[],"class_list":["post-125064","post","type-post","status-publish","format-standard","hentry","category-actualite","category-cameroun"],"_links":{"self":[{"href":"https:\/\/linitiative.ca\/International\/wp-json\/wp\/v2\/posts\/125064","targetHints":{"allow":["GET"]}}],"collection":[{"href":"https:\/\/linitiative.ca\/International\/wp-json\/wp\/v2\/posts"}],"about":[{"href":"https:\/\/linitiative.ca\/International\/wp-json\/wp\/v2\/types\/post"}],"author":[{"embeddable":true,"href":"https:\/\/linitiative.ca\/International\/wp-json\/wp\/v2\/users\/1965"}],"replies":[{"embeddable":true,"href":"https:\/\/linitiative.ca\/International\/wp-json\/wp\/v2\/comments?post=125064"}],"version-history":[{"count":0,"href":"https:\/\/linitiative.ca\/International\/wp-json\/wp\/v2\/posts\/125064\/revisions"}],"wp:attachment":[{"href":"https:\/\/linitiative.ca\/International\/wp-json\/wp\/v2\/media?parent=125064"}],"wp:term":[{"taxonomy":"category","embeddable":true,"href":"https:\/\/linitiative.ca\/International\/wp-json\/wp\/v2\/categories?post=125064"},{"taxonomy":"post_tag","embeddable":true,"href":"https:\/\/linitiative.ca\/International\/wp-json\/wp\/v2\/tags?post=125064"}],"curies":[{"name":"wp","href":"https:\/\/api.w.org\/{rel}","templated":true}]}}