{"id":125066,"date":"2021-08-24T14:18:02","date_gmt":"2021-08-24T18:18:02","guid":{"rendered":"https:\/\/linitiative.ca\/International\/lalgerie-coupe-ses-relations-diplomatiques-avec-le-maroc\/"},"modified":"2021-08-24T14:18:02","modified_gmt":"2021-08-24T18:18:02","slug":"lalgerie-coupe-ses-relations-diplomatiques-avec-le-maroc","status":"publish","type":"post","link":"https:\/\/linitiative.ca\/International\/lalgerie-coupe-ses-relations-diplomatiques-avec-le-maroc\/","title":{"rendered":"L\u2019Alg\u00e9rie coupe ses relations diplomatiques avec le Maroc"},"content":{"rendered":"<div>\n<p><img loading=\"lazy\" decoding=\"async\" width=\"828\" height=\"461\" src=\"https:\/\/linitiative.ca\/International\/wp-content\/uploads\/sites\/23\/2021\/08\/16298290826591.jpg\" class=\"attachment-post-thumbnail size-post-thumbnail wp-post-image\" alt=\"\" srcset=\"https:\/\/linitiative.ca\/International\/wp-content\/uploads\/sites\/23\/2021\/08\/16298290826591.jpg 828w, https:\/\/www.journalducameroun.com\/wp-content\/uploads\/2021\/08\/16298290826591-300x167.jpg 300w, https:\/\/www.journalducameroun.com\/wp-content\/uploads\/2021\/08\/16298290826591-768x428.jpg 768w, https:\/\/www.journalducameroun.com\/wp-content\/uploads\/2021\/08\/16298290826591-160x90.jpg 160w, https:\/\/www.journalducameroun.com\/wp-content\/uploads\/2021\/08\/16298290826591-240x135.jpg 240w, https:\/\/www.journalducameroun.com\/wp-content\/uploads\/2021\/08\/16298290826591-790x440.jpg 790w, https:\/\/www.journalducameroun.com\/wp-content\/uploads\/2021\/08\/16298290826591-600x334.jpg 600w\" sizes=\"auto, (max-width: 828px) 100vw, 828px\"><\/p>\n<p>Alors que le Souverain ch\u00e9rifien vient de faire part de son souhait d&rsquo;entretenir des relations de qualit\u00e9 avec son voisin de l&rsquo;Est, Alger a d\u00e9cid\u00e9, brusquement, de rompre ses relations diplomatiques avec Rabat.L&rsquo;Alg\u00e9rie a d\u00e9cid\u00e9 de rompre les relations diplomatiques avec le royaume du Maroc \u00e0 partir de ce jour\u00a0\u00bb en raison de ce qu&rsquo;il a pr\u00e9sent\u00e9 comme dee \u00ab actions hostiles \u00bb du Royaume ch\u00e9rifien \u00e0 l&rsquo;\u00e9gard de son pays, a annonc\u00e9 le chef de diplomatie alg\u00e9rienne, Ramtane Lamamra, lors d&rsquo;une conf\u00e9rence de presse au cours de laquelle il a lu une d\u00e9claration au nom du pr\u00e9sident alg\u00e9rien.<\/p>\n<p>Le ministre a expliqu\u00e9 les raisons de cette d\u00e9cision en affirmant que \u00ab\u00a0l&rsquo;histoire avait montr\u00e9 que le Royaume du Maroc n&rsquo;a jamais cess\u00e9 de mener des actions hostiles \u00e0 l&rsquo;encontre de l&rsquo;Alg\u00e9rie\u00a0\u00bb.<\/p>\n<p>L&rsquo;autre grief avanc\u00e9 par Alger \u00e0 l&rsquo;\u00e9gard de Rabat, ce sont les r\u00e9centes d\u00e9clarations du ministre isra\u00e9lien des Affaires \u00e9trang\u00e8res \u00e0 partir du Maroc. \u00ab\u00a0C&rsquo;est la premi\u00e8re fois depuis 1948 qu&rsquo;un responsable isra\u00e9lien fait de telles d\u00e9clarations \u00e0 l&rsquo;\u00e9gard de l&rsquo;Alg\u00e9rie\u00a0\u00bb, selon le chef de la diplomatie alg\u00e9rienne.<\/p>\n<p>Le texte cite aussi le soutien pr\u00e9sum\u00e9 apport\u00e9 par le Maroc au Mouvement pour l&rsquo;autod\u00e9termination de la Kabylie (MAK) dont la direction vit en exil, principalement en France, et Rachad (un regroupement d&rsquo;islamo-conservateurs alg\u00e9riens bas\u00e9 \u00e0 Londres), deux organisations class\u00e9es comme terroristes par les autorit\u00e9s alg\u00e9riennes.<\/p>\n<p>Ramtane Lamamra a aussi rappel\u00e9 les accusations port\u00e9es par certains organismes occidentaux contre le Maroc soup\u00e7onn\u00e9 d&rsquo;avoir eu recours \u00e0 un logiciel isra\u00e9lien d&rsquo;espionnage \u00ab\u00a0Pegasus\u00a0\u00bb qui aurait cibl\u00e9 plusieurs responsables alg\u00e9riens ainsi que d&rsquo;anciens incidents, comme la profanation du drapeau national au consulat de Casablanca en 2013.<\/p>\n<p>Il a en outre fait porter \u00ab aux dirigeants du royaume la responsabilit\u00e9 des crises r\u00e9p\u00e9t\u00e9es, qui se sont aggrav\u00e9es \u00bb, un comportement qui, selon lui, \u00ab entra\u00eene le conflit au lieu de l&rsquo;int\u00e9gration dans la r\u00e9gion du Maghreb \u00bb.<\/p>\n<p>\u00ab En tout \u00e9tat de cause l&rsquo;Alg\u00e9rie refuse la logique du fait accompli \u00bb, a indiqu\u00e9 Lamamra.<\/p>\n<p>\u00ab Pour toutes ces raisons l&rsquo;Alg\u00e9rie a d\u00e9cid\u00e9 de rompre ses relations diplomatiques avec le Maroc \u00e0 partir d&rsquo;aujourd&rsquo;hui \u00bb, a d\u00e9clar\u00e9 Lamamra.<\/p>\n<p>La pr\u00e9sidence alg\u00e9rienne avait annonc\u00e9, le 18 ao\u00fbt dernier, vouloir \u00ab\u00a0revoir\u00a0\u00bb ses relations avec Rabat, l&rsquo;accusant, cette fois, d&rsquo;\u00eatre impliqu\u00e9 dans les incendies meurtriers qui ont ravag\u00e9 le nord du pays et fait au moins 90 morts.<\/p>\n<p>Cette sortie du chef de la diplomatie alg\u00e9rienne intervient par ailleurs alors que les signes d&rsquo;une d\u00e9gradation des relations entre les deux pays s&rsquo;accumulaient ces derni\u00e8res semaines. ll y a un mois, Alger rappelait son ambassadeur \u00e0 Rabat pour \u00ab\u00a0consultations avec effet imm\u00e9diat\u00a0\u00bb \u00e0 la suite de tensions diplomatiques.<\/p>\n<p>Dans son discours du Tr\u00f4ne le 30 juillet, le Roi Mohammed VI avait, pourtant, affirm\u00e9 son \u00ab engagement sinc\u00e8re \u00e0 garder la main tendue pour \u0153uvrer de concert et sans conditions \u00e0 l&rsquo;\u00e9tablissement de relations bilat\u00e9rales fond\u00e9es sur la confiance, le dialogue et le bon voisinage\u00bb.<\/p>\n<p>Le Souverain ch\u00e9rifien avait aussi lanc\u00e9 un appel \u00e0 la r\u00e9ouverture des fronti\u00e8res terrestres avec l&rsquo;Alg\u00e9rie. \u00ab Vous n&rsquo;aurez jamais \u00e0 craindre de la malveillance de la part du Maroc. La s\u00e9curit\u00e9 et la stabilit\u00e9 de l&rsquo;Alg\u00e9rie et la qui\u00e9tude de son peuple sont organiquement li\u00e9es \u00e0 la s\u00e9curit\u00e9 et \u00e0 la stabilit\u00e9 du Maroc \u00bb avait-t-il assur\u00e9.<\/p>\n<p>Le Roi avait aussi invit\u00e9 le pr\u00e9sident alg\u00e9rien Abdelmadjid Tebboune \u00ab \u00e0 faire pr\u00e9valoir la sagesse \u00bb et \u00e0 \u00ab \u0153uvrer \u00e0 l&rsquo;unisson au d\u00e9veloppement des rapports \u00bb entre les deux pays. Le Souverain avait m\u00eame qualifi\u00e9 les deux pays de \u00ab jumeaux qui se compl\u00e8tent \u00bb.<\/p>\n<p>Les fronti\u00e8res entre le Maroc et l&rsquo;Alg\u00e9rie sont ferm\u00e9es depuis 1994 \u00e0 l&rsquo;initiative de l&rsquo;Alg\u00e9rie. Alger avait alors pris une telle d\u00e9cision suite \u00e0 l&rsquo;imposition par Rabat un visa d&rsquo;entr\u00e9e \u00e0 son territoire aux Alg\u00e9riens. Le Maroc soup\u00e7onnait a cette \u00e9poque une partie des services de s\u00e9curit\u00e9 de son voisin d&rsquo;\u00eatre derri\u00e8re un attentat sanglant qui avait eu lieu \u00e0 Marrakech. En 2004, le visa a \u00e9t\u00e9 supprim\u00e9 et les lignes a\u00e9riennes entre les deux pays r\u00e9tablies, mais l&rsquo;Alg\u00e9rie continuait depuis lors de refuser de rouvrir ses fronti\u00e8res terrestres.<\/p>\n<p>Les relations entre les deux voisins sont particuli\u00e8rement plomb\u00e9es depuis plus de quarante ans par la question du Sahara. L&rsquo;Alg\u00e9rie soutient, finance et arme le front Polisario qui r\u00e9clame l&rsquo;ind\u00e9pendance de ce territoire. Le Maroc qu&rsquo;inexerc\u00e9 son contr\u00f4le sur l&rsquo;essentiel de ce territoire et dont la souverainet\u00e9 sur cette r\u00e9gion est reconnue par une grande partie des gouvernements \u00e9trangers, dont les \u00c9tats-Unis, propose un plan d&rsquo;autonomie sous souverainet\u00e9 marocaine.<\/p>\n<p>Tr\u00e8s r\u00e9cemment, en mi-juillet dernier, ces rapports ont \u00e9t\u00e9 marqu\u00e9s par un nouvel acc\u00e8s de tension. L&rsquo;ambassadeur marocain \u00e0 l&rsquo;ONU avait publiquement affirm\u00e9 son soutien au principe de \u00ab l&rsquo;autod\u00e9termination \u00bb du peuple Kabyle en Alg\u00e9rie, en r\u00e9action au soutien de cette derni\u00e8re aux ind\u00e9pendantistes du font Polisario. Alger avait alors r\u00e9pondu en rappelant son ambassadeur \u00e0 Rabat pour consultations.<\/p>\n<p>Cet article <a rel=\"nofollow\" href=\"https:\/\/www.journalducameroun.com\/lalgerie-coupe-ses-relations-diplomatiques-avec-le-maroc\/\">L\u2019Alg\u00e9rie coupe ses relations diplomatiques avec le Maroc<\/a> est apparu en premier sur <a rel=\"nofollow\" href=\"https:\/\/www.journalducameroun.com\/\">Journal du Cameroun<\/a>.<\/p>\n<\/div>\n<p>Auteur: APA News<br \/>\n<a href=\"https:\/\/www.journalducameroun.com\/lalgerie-coupe-ses-relations-diplomatiques-avec-le-maroc\/\">Cliquez ici pour lire l&rsquo;article depuis sa source.<\/a><\/p>\n","protected":false},"excerpt":{"rendered":"<p>Alors que le Souverain ch\u00e9rifien vient de faire part de son souhait d&rsquo;entretenir des relations de qualit\u00e9 avec son voisin de l&rsquo;Est, Alger a d\u00e9cid\u00e9, brusquement, de rompre ses relations diplomatiques avec Rabat.L&rsquo;Alg\u00e9rie a d\u00e9cid\u00e9 de rompre les relations diplomatiques avec le royaume du Maroc \u00e0 partir de ce jour\u00a0\u00bb en raison de ce qu&rsquo;il [&hellip;]<\/p>\n","protected":false},"author":1965,"featured_media":0,"comment_status":"closed","ping_status":"closed","sticky":false,"template":"","format":"standard","meta":{"fifu_image_url":"https:\/\/www.journalducameroun.com\/wp-content\/uploads\/2021\/08\/16298290826591.jpg","fifu_image_alt":"L\u2019Alg\u00e9rie coupe ses relations diplomatiques avec le Maroc","footnotes":""},"categories":[73,82],"tags":[],"class_list":["post-125066","post","type-post","status-publish","format-standard","hentry","category-actualite","category-cameroun"],"_links":{"self":[{"href":"https:\/\/linitiative.ca\/International\/wp-json\/wp\/v2\/posts\/125066","targetHints":{"allow":["GET"]}}],"collection":[{"href":"https:\/\/linitiative.ca\/International\/wp-json\/wp\/v2\/posts"}],"about":[{"href":"https:\/\/linitiative.ca\/International\/wp-json\/wp\/v2\/types\/post"}],"author":[{"embeddable":true,"href":"https:\/\/linitiative.ca\/International\/wp-json\/wp\/v2\/users\/1965"}],"replies":[{"embeddable":true,"href":"https:\/\/linitiative.ca\/International\/wp-json\/wp\/v2\/comments?post=125066"}],"version-history":[{"count":0,"href":"https:\/\/linitiative.ca\/International\/wp-json\/wp\/v2\/posts\/125066\/revisions"}],"wp:attachment":[{"href":"https:\/\/linitiative.ca\/International\/wp-json\/wp\/v2\/media?parent=125066"}],"wp:term":[{"taxonomy":"category","embeddable":true,"href":"https:\/\/linitiative.ca\/International\/wp-json\/wp\/v2\/categories?post=125066"},{"taxonomy":"post_tag","embeddable":true,"href":"https:\/\/linitiative.ca\/International\/wp-json\/wp\/v2\/tags?post=125066"}],"curies":[{"name":"wp","href":"https:\/\/api.w.org\/{rel}","templated":true}]}}