{"id":125068,"date":"2021-08-24T15:18:01","date_gmt":"2021-08-24T19:18:01","guid":{"rendered":"https:\/\/linitiative.ca\/International\/covid-19-en-afrique-les-12-prochains-mois-sous-le-signe-de-la-resilience\/"},"modified":"2021-08-24T15:18:01","modified_gmt":"2021-08-24T19:18:01","slug":"covid-19-en-afrique-les-12-prochains-mois-sous-le-signe-de-la-resilience","status":"publish","type":"post","link":"https:\/\/linitiative.ca\/International\/covid-19-en-afrique-les-12-prochains-mois-sous-le-signe-de-la-resilience\/","title":{"rendered":"Covid-19 en Afrique : les 12 prochains mois sous le signe de la r\u00e9silience"},"content":{"rendered":"<div>\n<p><img loading=\"lazy\" decoding=\"async\" width=\"720\" height=\"560\" src=\"https:\/\/linitiative.ca\/International\/wp-content\/uploads\/sites\/23\/2021\/08\/16298326823096.jpg\" class=\"attachment-post-thumbnail size-post-thumbnail wp-post-image\" alt=\"\" srcset=\"https:\/\/linitiative.ca\/International\/wp-content\/uploads\/sites\/23\/2021\/08\/16298326823096.jpg 720w, https:\/\/www.journalducameroun.com\/wp-content\/uploads\/2021\/08\/16298326823096-300x233.jpg 300w, https:\/\/www.journalducameroun.com\/wp-content\/uploads\/2021\/08\/16298326823096-566x440.jpg 566w, https:\/\/www.journalducameroun.com\/wp-content\/uploads\/2021\/08\/16298326823096-600x467.jpg 600w\" sizes=\"auto, (max-width: 720px) 100vw, 720px\"><\/p>\n<p>La 71e session du Comit\u00e9 r\u00e9gional de l&rsquo;Organisation Mondiale de la Sant\u00e9 (OMS) pour l&rsquo;Afrique, tenue en ligne comme l&rsquo;ann\u00e9e derni\u00e8re, a mis la lutte contre le nouveau coronavirus \u00e0 la t\u00eate des priorit\u00e9s du continent.Ce mardi, 47 ministres de la Sant\u00e9 de l&rsquo;Afrique et les repr\u00e9sentants des diff\u00e9rents pays se sont virtuellement r\u00e9unis pour d\u00e9finir leur programme de sant\u00e9. En ouverture de ce rassemblement annuel de trois jours (du 24 au 26 ao\u00fbt), Victoire Tomegah Dogb\u00e9, la Premi\u00e8re ministre du Togo, a d\u00e9clar\u00e9 que \u00ab la Covid-19 a d\u00e9montr\u00e9 l&rsquo;imp\u00e9rieuse n\u00e9cessit\u00e9 d&rsquo;une solidarit\u00e9 mondiale, en mettant en exergue la n\u00e9cessit\u00e9 pour chaque pays de rechercher les meilleures protections, tant individuelles que collectives \u00bb.<\/p>\n<p>De son c\u00f4t\u00e9, Dr Tedros Adhanom Ghebreyesus, le Directeur G\u00e9n\u00e9ral de l&rsquo;OMS, a invit\u00e9 les pays africains \u00ab \u00e0 soutenir un trait\u00e9 international ou tout autre instrument l\u00e9gal permettant d&rsquo;am\u00e9liorer la coop\u00e9ration internationale concernant la pr\u00e9paration et la riposte \u00e0 la pand\u00e9mie\u00a0\u00bb.<\/p>\n<p>En novembre 2021, a renseign\u00e9 l&rsquo;ex-ministre \u00e9thiopien des Affaires \u00e9trang\u00e8res, ce trait\u00e9 pourrait \u00eatre discut\u00e9 lors de la session sp\u00e9ciale de l&rsquo;Assemble mondiale de la Sant\u00e9. Pour le patron de l&rsquo;OMS, \u00ab la crise li\u00e9e au vaccin illustre la faiblesse fondamentale aux racines de la pand\u00e9mie : le manque de solidarit\u00e9 mondiale et de partage &#8211; partage d&rsquo;informations et de donn\u00e9es, d&rsquo;\u00e9chantillons biologiques, de ressources, de technologie et d&rsquo;outils \u00bb.<\/p>\n<p>Le difficile acc\u00e8s des pays d\u00e9favoris\u00e9s aux vaccins contre la Covid-19 pousse \u00e0 \u00ab repenser les syst\u00e8mes qui renforcent l&rsquo;\u00e9quit\u00e9 et d&rsquo;investir davantage dans le d\u00e9veloppement d&rsquo;un monde plus sain et plus juste \u00bb, a soulign\u00e9 Dre Matshidiso Moeti, Directrice r\u00e9gionale de l&rsquo;OMS pour l&rsquo;Afrique.<\/p>\n<p>Outre la Covid-19, la plus importante r\u00e9union sur la sant\u00e9 publique en Afrique sera consacr\u00e9e aux efforts visant \u00e0 mettre fin \u00e0 toutes les formes de polio, \u00e0 \u00e9liminer le cancer du col de l&rsquo;ut\u00e9rus responsable en 2020 de la mort de plus de 72.000 femmes africaines et \u00e0 renforcer l&rsquo;utilisation des technologies li\u00e9es \u00e0 la sant\u00e9.<\/p>\n<p>Cette rencontre sera aussi l&rsquo;occasion de discuter des mesures d&rsquo;am\u00e9lioration d&rsquo;un vieillissement sain sur le continent, de m\u00eame que du renforcement de la lutte contre la tuberculose, le VIH, les infections sexuellement transmissibles et l&rsquo;h\u00e9patite, et de la fin de la m\u00e9ningite d&rsquo;ici 2030.<\/p>\n<p>Cet article <a rel=\"nofollow\" href=\"https:\/\/www.journalducameroun.com\/covid-19-en-afrique-les-12-prochains-mois-sous-le-signe-de-la-resilience\/\">Covid-19 en Afrique : les 12 prochains mois sous le signe de la r\u00e9silience<\/a> est apparu en premier sur <a rel=\"nofollow\" href=\"https:\/\/www.journalducameroun.com\/\">Journal du Cameroun<\/a>.<\/p>\n<\/div>\n<p>Auteur: APA News<br \/>\n<a href=\"https:\/\/www.journalducameroun.com\/covid-19-en-afrique-les-12-prochains-mois-sous-le-signe-de-la-resilience\/\">Cliquez ici pour lire l&rsquo;article depuis sa source.<\/a><\/p>\n","protected":false},"excerpt":{"rendered":"<p>La 71e session du Comit\u00e9 r\u00e9gional de l&rsquo;Organisation Mondiale de la Sant\u00e9 (OMS) pour l&rsquo;Afrique, tenue en ligne comme l&rsquo;ann\u00e9e derni\u00e8re, a mis la lutte contre le nouveau coronavirus \u00e0 la t\u00eate des priorit\u00e9s du continent.Ce mardi, 47 ministres de la Sant\u00e9 de l&rsquo;Afrique et les repr\u00e9sentants des diff\u00e9rents pays se sont virtuellement r\u00e9unis pour [&hellip;]<\/p>\n","protected":false},"author":1965,"featured_media":0,"comment_status":"closed","ping_status":"closed","sticky":false,"template":"","format":"standard","meta":{"fifu_image_url":"https:\/\/www.journalducameroun.com\/wp-content\/uploads\/2021\/08\/16298326823096.jpg","fifu_image_alt":"Covid-19 en Afrique : les 12 prochains mois sous le signe de la r\u00e9silience","footnotes":""},"categories":[73,82],"tags":[],"class_list":["post-125068","post","type-post","status-publish","format-standard","hentry","category-actualite","category-cameroun"],"_links":{"self":[{"href":"https:\/\/linitiative.ca\/International\/wp-json\/wp\/v2\/posts\/125068","targetHints":{"allow":["GET"]}}],"collection":[{"href":"https:\/\/linitiative.ca\/International\/wp-json\/wp\/v2\/posts"}],"about":[{"href":"https:\/\/linitiative.ca\/International\/wp-json\/wp\/v2\/types\/post"}],"author":[{"embeddable":true,"href":"https:\/\/linitiative.ca\/International\/wp-json\/wp\/v2\/users\/1965"}],"replies":[{"embeddable":true,"href":"https:\/\/linitiative.ca\/International\/wp-json\/wp\/v2\/comments?post=125068"}],"version-history":[{"count":0,"href":"https:\/\/linitiative.ca\/International\/wp-json\/wp\/v2\/posts\/125068\/revisions"}],"wp:attachment":[{"href":"https:\/\/linitiative.ca\/International\/wp-json\/wp\/v2\/media?parent=125068"}],"wp:term":[{"taxonomy":"category","embeddable":true,"href":"https:\/\/linitiative.ca\/International\/wp-json\/wp\/v2\/categories?post=125068"},{"taxonomy":"post_tag","embeddable":true,"href":"https:\/\/linitiative.ca\/International\/wp-json\/wp\/v2\/tags?post=125068"}],"curies":[{"name":"wp","href":"https:\/\/api.w.org\/{rel}","templated":true}]}}