{"id":125070,"date":"2021-08-24T16:18:01","date_gmt":"2021-08-24T20:18:01","guid":{"rendered":"https:\/\/linitiative.ca\/International\/le-senegal-en-passe-dadherer-a-lagence-pour-lassurance-du-commerce-en-afrique\/"},"modified":"2021-08-24T16:18:01","modified_gmt":"2021-08-24T20:18:01","slug":"le-senegal-en-passe-dadherer-a-lagence-pour-lassurance-du-commerce-en-afrique","status":"publish","type":"post","link":"https:\/\/linitiative.ca\/International\/le-senegal-en-passe-dadherer-a-lagence-pour-lassurance-du-commerce-en-afrique\/","title":{"rendered":"Le S\u00e9n\u00e9gal en passe d\u2019adh\u00e9rer \u00e0 l\u2019Agence pour l\u2019Assurance du Commerce en Afrique"},"content":{"rendered":"<div>\n<p><img loading=\"lazy\" decoding=\"async\" width=\"2126\" height=\"1500\" src=\"https:\/\/linitiative.ca\/International\/wp-content\/uploads\/sites\/23\/2021\/08\/16298362828561.jpg\" class=\"attachment-post-thumbnail size-post-thumbnail wp-post-image\" alt=\"\" srcset=\"https:\/\/linitiative.ca\/International\/wp-content\/uploads\/sites\/23\/2021\/08\/16298362828561.jpg 2126w, https:\/\/www.journalducameroun.com\/wp-content\/uploads\/2021\/08\/16298362828561-300x212.jpg 300w, https:\/\/www.journalducameroun.com\/wp-content\/uploads\/2021\/08\/16298362828561-768x542.jpg 768w, https:\/\/www.journalducameroun.com\/wp-content\/uploads\/2021\/08\/16298362828561-1024x722.jpg 1024w, https:\/\/www.journalducameroun.com\/wp-content\/uploads\/2021\/08\/16298362828561-624x440.jpg 624w, https:\/\/www.journalducameroun.com\/wp-content\/uploads\/2021\/08\/16298362828561-600x423.jpg 600w\" sizes=\"auto, (max-width: 2126px) 100vw, 2126px\"><\/p>\n<p>La signature de l&rsquo;Accord de participation, derni\u00e8re condition pr\u00e9alable \u00e0 l&rsquo;adh\u00e9sion, a \u00e9t\u00e9 effectu\u00e9e ce mardi par les deux parties.Dans sa qu\u00eate de \u00ab financements \u00e0 plus long terme et \u00e0 des taux concurrentiels \u00bb, le gouvernement du S\u00e9n\u00e9gal a port\u00e9 son d\u00e9volu sur l&rsquo;Agence pour l&rsquo;Assurance du Commerce en Afrique (ACA), un fournisseur r\u00e9put\u00e9 de garanties d&rsquo;assurance.<\/p>\n<p>Selon un communiqu\u00e9 du minist\u00e8re s\u00e9n\u00e9galais de l&rsquo;Economie, du Plan et de la Coop\u00e9ration, cet engagement \u00ab donnera aux investisseurs et aux financiers internationaux l&rsquo;assurance que les transactions souveraines et autres investissements b\u00e9n\u00e9ficient d&rsquo;un soutien de l&rsquo;ACA \u00bb.<\/p>\n<p>La notation de cat\u00e9gorie investissement de l&rsquo;ACA, souligne la source, permet d&rsquo;att\u00e9nuer les risques d&rsquo;investissement et d&rsquo;obtenir une capacit\u00e9 d&rsquo;assurance-investissement pour couvrir d&rsquo;importants emprunts.<\/p>\n<p>Le S\u00e9n\u00e9gal pourra ainsi satisfaire les conditions des pr\u00eateurs et investisseurs internationaux. Son adh\u00e9sion \u00e0 l&rsquo;ACA s&rsquo;inscrit dans le plan strat\u00e9gique (2019-2023) qui vise \u00e0 contribuer \u00e0 la r\u00e9alisation de la strat\u00e9gie nationale de d\u00e9veloppement socio-\u00e9conomique du pays.<\/p>\n<p>L&rsquo;Accord de participation sera suivi du versement d&rsquo;une contribution de 15 millions d&rsquo;euros \u00e0 l&rsquo;ACA par la Banque Europ\u00e9enne d&rsquo;Investissement (BEI) au nom du gouvernement s\u00e9n\u00e9galais. Il y a dix mois, le S\u00e9n\u00e9gal et la BEI avaient paraph\u00e9 \u00e0 cet effet un accord de financement.<\/p>\n<p>En outre, indique le document, les secteurs priv\u00e9 et public locaux b\u00e9n\u00e9ficieront de la disposition de solutions d&rsquo;assurance innovantes. Objectif, soutenir le commerce et les investissements mais aussi renforcer l&rsquo;acc\u00e8s du S\u00e9n\u00e9gal aux Investissements Directs \u00c9trangers (IDE).<\/p>\n<p>Le pr\u00e9sident Macky Sall a sign\u00e9 le trait\u00e9 de l&rsquo;ACA en mars 2020. Sa ratification conf\u00e8re \u00e0 l&rsquo;ACA un statut de cr\u00e9ancier privil\u00e9gi\u00e9 au S\u00e9n\u00e9gal. Le r\u00f4le de l&rsquo;ACA comme \u00ab assureur de dernier recours\u00a0\u00bb est reconnu par l&rsquo;Etat du S\u00e9n\u00e9gal qui, par cons\u00e9quent, s&rsquo;est engag\u00e9 \u00e0 lui rembourser toutes les r\u00e9clamations et recouvrements effectu\u00e9s dans le cadre des obligations ou d\u00e9fauts souverains.<\/p>\n<p>D\u00e9sormais, l&rsquo;exposition de l&rsquo;ACA au S\u00e9n\u00e9gal s&rsquo;\u00e9l\u00e8ve \u00e0 21 millions de dollars am\u00e9ricains gr\u00e2ce \u00e0 son mandat panafricain qui lui permet de soutenir des transactions strat\u00e9giques dans des pays non-membres.<\/p>\n<p>\u00ab Cette exposition brute est pr\u00e9vue d&rsquo;augmenter au cours des prochaines ann\u00e9es, vu que les requ\u00eates commerciales provenant du S\u00e9n\u00e9gal s&rsquo;\u00e9l\u00e8vent \u00e0 plus de 4 milliards de dollars am\u00e9ricains &#8211; couvrant principalement les secteurs de la finance, de l&rsquo;\u00e9nergie et des infrastructures \u00bb, indique le document.<\/p>\n<p>Pour Amadou Hott, ministre de l&rsquo;\u00c9conomie, du Plan et de la Coop\u00e9ration, \u00ab avec l&rsquo;option du S\u00e9n\u00e9gal de faire de l&rsquo;investissement priv\u00e9 et des Partenariats Public-Priv\u00e9 (PPP) un des leviers du Plan d&rsquo;actions prioritaires ajust\u00e9 et acc\u00e9l\u00e9r\u00e9 (PAP2A) et du Plan S\u00e9n\u00e9gal Emergent (PSE), l&rsquo;ACA pourra servir d&rsquo;interface fiable entre le secteur public et le secteur priv\u00e9 pour des partenariats solides et gagnant-gagnant pour notre pays \u00bb.<\/p>\n<p>De son c\u00f4t\u00e9, Manuel Moses, Directeur G\u00e9n\u00e9ral de l&rsquo;ACA, a affirm\u00e9 que \u00ab le S\u00e9n\u00e9gal est en bonne voie pour devenir le 19e \u00c9tat membre de l&rsquo;ACA\u00a0\u00bb, non sans saluer \u00ab l&rsquo;engagement du pays envers le renforcement de la croissance \u00e9conomique inclusive qui, avec certitude, ouvrira la voie \u00e0 une croissance et \u00e0 un d\u00e9veloppement plus durables\u00a0\u00bb.<\/p>\n<p>L&rsquo;Agence pour l&rsquo;Assurance du Commerce en Afrique (ACA) a \u00e9t\u00e9 fond\u00e9e en 2001 par des \u00c9tats africains afin de couvrir les risques commerciaux et d&rsquo;investissement des entreprises faisant des affaires sur le continent. L&rsquo;ACA fournit principalement de l&rsquo;assurance risques politiques, de l&rsquo;assurance-cr\u00e9dit et des cautions.<\/p>\n<p>Elle est de plus en plus consid\u00e9r\u00e9e comme un partenaire de d\u00e9veloppement strat\u00e9gique pour les gouvernements africains, assurant entre 1 et 2% du PIB annuel de ses \u00c9tats membres et participant \u00e0 certains des plus grands projets strat\u00e9giques de d\u00e9veloppement du continent en vue de stimuler l&rsquo;investissement et le commerce intra-africain \u00e0 l&rsquo;appui de la Zone de libre-\u00e9change continentale africaine (Zlecaf).<\/p>\n<p>Cet article <a rel=\"nofollow\" href=\"https:\/\/www.journalducameroun.com\/le-senegal-en-passe-dadherer-a-lagence-pour-lassurance-du-commerce-en-afrique\/\">Le S\u00e9n\u00e9gal en passe d\u2019adh\u00e9rer \u00e0 l\u2019Agence pour l\u2019Assurance du Commerce en Afrique<\/a> est apparu en premier sur <a rel=\"nofollow\" href=\"https:\/\/www.journalducameroun.com\/\">Journal du Cameroun<\/a>.<\/p>\n<\/div>\n<p>Auteur: APA News<br \/>\n<a href=\"https:\/\/www.journalducameroun.com\/le-senegal-en-passe-dadherer-a-lagence-pour-lassurance-du-commerce-en-afrique\/\">Cliquez ici pour lire l&rsquo;article depuis sa source.<\/a><\/p>\n","protected":false},"excerpt":{"rendered":"<p>La signature de l&rsquo;Accord de participation, derni\u00e8re condition pr\u00e9alable \u00e0 l&rsquo;adh\u00e9sion, a \u00e9t\u00e9 effectu\u00e9e ce mardi par les deux parties.Dans sa qu\u00eate de \u00ab financements \u00e0 plus long terme et \u00e0 des taux concurrentiels \u00bb, le gouvernement du S\u00e9n\u00e9gal a port\u00e9 son d\u00e9volu sur l&rsquo;Agence pour l&rsquo;Assurance du Commerce en Afrique (ACA), un fournisseur r\u00e9put\u00e9 [&hellip;]<\/p>\n","protected":false},"author":1965,"featured_media":0,"comment_status":"closed","ping_status":"closed","sticky":false,"template":"","format":"standard","meta":{"fifu_image_url":"https:\/\/www.journalducameroun.com\/wp-content\/uploads\/2021\/08\/16298362828561.jpg","fifu_image_alt":"Le S\u00e9n\u00e9gal en passe d\u2019adh\u00e9rer \u00e0 l\u2019Agence pour l\u2019Assurance du Commerce en Afrique","footnotes":""},"categories":[73,82],"tags":[],"class_list":["post-125070","post","type-post","status-publish","format-standard","hentry","category-actualite","category-cameroun"],"_links":{"self":[{"href":"https:\/\/linitiative.ca\/International\/wp-json\/wp\/v2\/posts\/125070","targetHints":{"allow":["GET"]}}],"collection":[{"href":"https:\/\/linitiative.ca\/International\/wp-json\/wp\/v2\/posts"}],"about":[{"href":"https:\/\/linitiative.ca\/International\/wp-json\/wp\/v2\/types\/post"}],"author":[{"embeddable":true,"href":"https:\/\/linitiative.ca\/International\/wp-json\/wp\/v2\/users\/1965"}],"replies":[{"embeddable":true,"href":"https:\/\/linitiative.ca\/International\/wp-json\/wp\/v2\/comments?post=125070"}],"version-history":[{"count":0,"href":"https:\/\/linitiative.ca\/International\/wp-json\/wp\/v2\/posts\/125070\/revisions"}],"wp:attachment":[{"href":"https:\/\/linitiative.ca\/International\/wp-json\/wp\/v2\/media?parent=125070"}],"wp:term":[{"taxonomy":"category","embeddable":true,"href":"https:\/\/linitiative.ca\/International\/wp-json\/wp\/v2\/categories?post=125070"},{"taxonomy":"post_tag","embeddable":true,"href":"https:\/\/linitiative.ca\/International\/wp-json\/wp\/v2\/tags?post=125070"}],"curies":[{"name":"wp","href":"https:\/\/api.w.org\/{rel}","templated":true}]}}