{"id":125072,"date":"2021-08-24T08:22:27","date_gmt":"2021-08-24T12:22:27","guid":{"rendered":"https:\/\/linitiative.ca\/International\/assurances-les-experts-de-la-cima-se-concertent-a-abidjan\/"},"modified":"2021-08-24T08:22:27","modified_gmt":"2021-08-24T12:22:27","slug":"assurances-les-experts-de-la-cima-se-concertent-a-abidjan","status":"publish","type":"post","link":"https:\/\/linitiative.ca\/International\/assurances-les-experts-de-la-cima-se-concertent-a-abidjan\/","title":{"rendered":"Assurances : les experts de la Cima se concertent  \u00e0 Abidjan"},"content":{"rendered":"<div>\n<p>Selon le pr\u00e9sident du comit\u00e9 des experts, Elvis Nzeingued en pr\u00e9lude de la r\u00e9union des ministres, ladite rencontre qui s\u2019ach\u00e8vera le 26 ao\u00fbt 2021 permettra de pr\u00e9parer les dossiers qui doivent \u00eatre soumis avec des appr\u00e9ciations des participants \u00e0 la haute instance de d\u00e9cision.<\/p>\n<p><strong>Lire aussi<\/strong> : <strong><a href=\"https:\/\/ecomatin.net\/assurance-blaise-abel-ezoo-engolo-est-le-nouveau-secretaire-general-de-la-cima\/\">Assurance : Blaise Abel Ezo\u2019o Engolo, est le nouveau secr\u00e9taire g\u00e9n\u00e9ral de la CIMA<\/a><\/strong><\/p>\n<p>\u00ab L\u2019ordre du jour va plancher sur l\u2019ex\u00e9cution du budget 2020, les recommandations des conseils des ministres, des propositions \u00e0 soumettre pour une r\u00e9organisation ou une redynamisation de la <a href=\"https:\/\/ecomatin.net\/assurance-blaise-abel-ezoo-engolo-est-le-nouveau-secretaire-general-de-la-cima\/\"><strong>CIMA<\/strong><\/a> \u00bb, a indiqu\u00e9 M. Nzeingued.<\/p>\n<p>Ouvrant les travaux au nom du ministre de l\u2019Economie et des Finances ivoirien, le Directeur des assurances, Traor\u00e9 Issouf a souhait\u00e9 des r\u00e9solutions importantes pour le d\u00e9veloppement du secteur des assurances afin de permettre aux ministres de prendre des d\u00e9cisions importantes pour le bien-\u00eatre des consommateurs.<\/p>\n<p><strong>Lire aussi<\/strong> : <strong><a href=\"https:\/\/ecomatin.net\/covid-19-les-compagnies-dassurances-appelees-a-etre-plus-flexibles\/\">Covid-19 : les compagnies d\u2019assurances appel\u00e9es \u00e0 \u00eatre plus flexibles<\/a><\/strong><\/p>\n<p>Le comit\u00e9 des experts examine les dossiers sur les points inscrits \u00e0 l\u2019ordre du jour du Conseil des ministres et d\u00e9gage, sous forme d\u2019avis et de recommandations, des propositions concr\u00e8tes sur ces points.<\/p>\n<p>Il \u00e9met un avis sur le programme annuel d\u2019activit\u00e9 et le projet de rapport annuel au Conseil relatif \u00e0 la situation du secteur des assurances et \u00e0 l\u2019activit\u00e9 de la Conf\u00e9rence.<\/p>\n<p><strong>Lire aussi<\/strong> : <strong><a href=\"https:\/\/ecomatin.net\/inclusion-financiere-pourquoi-les-camerounais-evitent-les-banques-et-les-assurances\/\">Inclusion financi\u00e8re : pourquoi les Camerounais \u00e9vitent les banques et les assurances<\/a><\/strong><\/p>\n<p>L\u2019article <a rel=\"nofollow\" href=\"https:\/\/ecomatin.net\/assurances-les-experts-s-de-la-cima-se-concertent-t-a-abidjan\/\">Assurances : les experts de la Cima se concertent  \u00e0 Abidjan<\/a> est apparu en premier sur <a rel=\"nofollow\" href=\"https:\/\/ecomatin.net\/\">EcoMatin<\/a>.<\/p>\n<\/div>\n<p>Auteur: Cedrick JIONGO<br \/>\n<a href=\"https:\/\/ecomatin.net\/assurances-les-experts-s-de-la-cima-se-concertent-t-a-abidjan\/\">Cliquez ici pour lire l&rsquo;article depuis sa source.<\/a><\/p>\n","protected":false},"excerpt":{"rendered":"<p>Selon le pr\u00e9sident du comit\u00e9 des experts, Elvis Nzeingued en pr\u00e9lude de la r\u00e9union des ministres, ladite rencontre qui s\u2019ach\u00e8vera le 26 ao\u00fbt 2021 permettra de pr\u00e9parer les dossiers qui doivent \u00eatre soumis avec des appr\u00e9ciations des participants \u00e0 la haute instance de d\u00e9cision. Lire aussi : Assurance : Blaise Abel Ezo\u2019o Engolo, est le [&hellip;]<\/p>\n","protected":false},"author":1969,"featured_media":0,"comment_status":"closed","ping_status":"closed","sticky":false,"template":"","format":"standard","meta":{"fifu_image_url":"","fifu_image_alt":"","footnotes":""},"categories":[82,78],"tags":[],"class_list":["post-125072","post","type-post","status-publish","format-standard","hentry","category-cameroun","category-economie"],"_links":{"self":[{"href":"https:\/\/linitiative.ca\/International\/wp-json\/wp\/v2\/posts\/125072","targetHints":{"allow":["GET"]}}],"collection":[{"href":"https:\/\/linitiative.ca\/International\/wp-json\/wp\/v2\/posts"}],"about":[{"href":"https:\/\/linitiative.ca\/International\/wp-json\/wp\/v2\/types\/post"}],"author":[{"embeddable":true,"href":"https:\/\/linitiative.ca\/International\/wp-json\/wp\/v2\/users\/1969"}],"replies":[{"embeddable":true,"href":"https:\/\/linitiative.ca\/International\/wp-json\/wp\/v2\/comments?post=125072"}],"version-history":[{"count":0,"href":"https:\/\/linitiative.ca\/International\/wp-json\/wp\/v2\/posts\/125072\/revisions"}],"wp:attachment":[{"href":"https:\/\/linitiative.ca\/International\/wp-json\/wp\/v2\/media?parent=125072"}],"wp:term":[{"taxonomy":"category","embeddable":true,"href":"https:\/\/linitiative.ca\/International\/wp-json\/wp\/v2\/categories?post=125072"},{"taxonomy":"post_tag","embeddable":true,"href":"https:\/\/linitiative.ca\/International\/wp-json\/wp\/v2\/tags?post=125072"}],"curies":[{"name":"wp","href":"https:\/\/api.w.org\/{rel}","templated":true}]}}