{"id":125073,"date":"2021-08-24T08:29:34","date_gmt":"2021-08-24T12:29:34","guid":{"rendered":"https:\/\/linitiative.ca\/International\/cemac-7-2849-milliards-pour-le-plan-de-relance-post-covid-19\/"},"modified":"2021-08-24T08:29:34","modified_gmt":"2021-08-24T12:29:34","slug":"cemac-7-2849-milliards-pour-le-plan-de-relance-post-covid-19","status":"publish","type":"post","link":"https:\/\/linitiative.ca\/International\/cemac-7-2849-milliards-pour-le-plan-de-relance-post-covid-19\/","title":{"rendered":"Cemac : 7 284,9 milliards pour le plan de relance post-Covid-19"},"content":{"rendered":"<div>\n<p>L\u2019un des multiples points sur lesquels s\u2019est focalis\u00e9 le\u00a0<strong><a href=\"https:\/\/ecomatin.net\/sommet-extraordinaire-de-la-cemac-ce-que-le-fmi-exige-des-chefs-s-detats\/\">sommet extraordinaire des chefs d\u2019Etats de la Cemac<\/a><\/strong>, tenu par visio-conf\u00e9rence, le 18 ao\u00fbt 2021, est la relance post-covid de sous-r\u00e9gion de la Communaut\u00e9 \u00e9conomique et mon\u00e9taire de l\u2019Afrique central (Cemac). Sur ce point pr\u00e9cis, l\u2019on apprend que le co\u00fbt pr\u00e9visionnel dudit plan, qui va s\u2019\u00e9tendre sur la p\u00e9riode allant de 2021 \u00e0 2025 qu\u2019il se chiffre \u00e0 7 284,9 milliards de FCFA dont 2 563,4 milliards de FCFA pour le financement de douze projets int\u00e9grateurs. Selon la Commission de la Cemac \u00ab ces estimations ne comprennent pas le co\u00fbt des grandes initiatives nouvelles portant sur le projet d\u2019industrialisation communautaire et de d\u00e9veloppement de cha\u00eenes de valeur, le r\u00e8glement de la dette int\u00e9rieure et la cr\u00e9ation d\u2019une grande Universit\u00e9 d\u2019Afrique Centrale \u00bb, peut-on lire dans le dossier de presse \u00e0 la tenue du sommet.<\/p>\n<p><strong>Lire aussi<\/strong> : <strong><a href=\"https:\/\/ecomatin.net\/relance-economique-reforme-monetaire-programme-avec-le-fmi-les-resolutions-du-sommet-des-chefs-detats-de-la-cemac\/\">Relance \u00e9conomique, r\u00e9forme mon\u00e9taire, programme avec le FMI\u2026 : les r\u00e9solutions du sommet des chefs d\u2019Etats de la Cemac<\/a><\/strong><\/p>\n<p>Le plan de relance communautaire, adopt\u00e9 en mars 2020, par dans le cadre de la troisi\u00e8me session extraordinaire du comit\u00e9 de pilotage du\u00a0<strong><a href=\"https:\/\/ecomatin.net\/relance-economique-reforme-monetaire-programme-avec-le-fmi-les-resolutions-du-sommet-des-chefs-detats-de-la-cemac\/\">Programme des R\u00e9formes Economiques et Financi\u00e8res<\/a><\/strong>\u00a0(Pref-Cemac), s\u2019articulera autour de 3 principaux axes. Il s\u2019agit premi\u00e8rement que les mesures inscrites dans le PREF-CEMAC, dont les modalit\u00e9s d\u2019application devront \u00eatre revues et leur mise en \u0153uvre acc\u00e9l\u00e9r\u00e9e ; ensuite les mesures exceptionnelles de riposte tenant compte de la situation d\u2019urgence in\u00e9dite et exceptionnelle cr\u00e9\u00e9e par la pand\u00e9mie pour prot\u00e9ger les vies humaines et pr\u00e9server le bien-\u00eatre. Enfin d\u2019autres mesures fortes pour donner un nouvel \u00e9lan au d\u00e9veloppement \u00e9conomique et social des pays de la CEMAC.<\/p>\n<p><strong>Lire aussi<\/strong> : <strong><a href=\"https:\/\/ecomatin.net\/sommet-extraordinaire-de-la-cemac-ce-que-le-fmi-exige-des-chefs-s-detats\/\">Sommet extraordinaire de la Cemac : ce que le FMI exige des chefs d\u2019Etats<\/a><\/strong><\/p>\n<p>Notons par ailleurs qu\u2019\u00e0 l\u2019\u00e9chelle sous r\u00e9gionale, pour contrer les effets de la pand\u00e9mie, la Banque de d\u00e9veloppement des Etats de l\u2019Afrique centrale (Bdeac), a octroy\u00e9 aux Etats membres de la Cemac, des appuis budg\u00e9taires d\u2019une enveloppe globale de 90 milliards de Fcfa. C\u00f4t\u00e9 Camerounais, la convention y relative avait \u00e9t\u00e9 sign\u00e9e en janvier 2021, pour un montant de 15 milliards de Fcfa.<\/p>\n<p><strong>Lire aussi<\/strong> : <strong><a href=\"https:\/\/ecomatin.net\/cemac-les-etats-instruisent-lacceleration-n-de-lindustrialisation-et-la-promotion-de-limport-substitution\/\">Cemac : les Etats instruisent l\u2019acc\u00e9l\u00e9ration de l\u2019industrialisation et la promotion de l\u2019import-substitution<\/a><\/strong><\/p>\n<p>Avec ce plan donc, il est envisag\u00e9 \u00ab sur la base d\u2019un chronogramme holistique, de de proc\u00e9der \u00e0 une transformation structurelle des \u00e9conomies de la sous-r\u00e9gion par l\u2019industrialisation et la diversification. La relance post-COVID-19 devra \u00eatre accompagn\u00e9e d\u2019une acc\u00e9l\u00e9ration de l\u2019int\u00e9gration sous-r\u00e9gionale et l\u2019am\u00e9lioration profonde du climat des affaires afin d\u2019accro\u00eetre l\u2019investissement priv\u00e9 \u00bb, renseigne le dossier de presse.<\/p>\n<p><strong>Lire aussi<\/strong> : <strong><a href=\"https:\/\/ecomatin.net\/cemac-le-cameroun-accueille-le-18-aout-prochain-le-sommet-extraordinaire-des-chefs-detats\/\">Cemac : le Cameroun accueille le 18 ao\u00fbt prochain, le sommet extraordinaire des chefs d\u2019Etats<\/a><\/strong><\/p>\n<p>Notons par ailleurs que les projets int\u00e9grateurs qui composent l\u2019enveloppe du plan de relance, sont au nombre de 12. Ces derniers constituent les 84 que compte le Programme \u00e9conomique r\u00e9gional (PER). Ceux-ci ont b\u00e9n\u00e9fici\u00e9s d\u2019un financement d\u2019une valeur de 2 563,4 milliards de FCFA, lors de la table ronde de Paris.<\/p>\n<p>L\u2019article <a rel=\"nofollow\" href=\"https:\/\/ecomatin.net\/cemac-7-2849-milliards-s-pour-le-plan-de-relance-post-covid-19\/\">Cemac : 7 284,9 milliards pour le plan de relance post-Covid-19<\/a> est apparu en premier sur <a rel=\"nofollow\" href=\"https:\/\/ecomatin.net\/\">EcoMatin<\/a>.<\/p>\n<\/div>\n<p>Auteur: Cindy MBALA<br \/>\n<a href=\"https:\/\/ecomatin.net\/cemac-7-2849-milliards-s-pour-le-plan-de-relance-post-covid-19\/\">Cliquez ici pour lire l&rsquo;article depuis sa source.<\/a><\/p>\n","protected":false},"excerpt":{"rendered":"<p>L\u2019un des multiples points sur lesquels s\u2019est focalis\u00e9 le\u00a0sommet extraordinaire des chefs d\u2019Etats de la Cemac, tenu par visio-conf\u00e9rence, le 18 ao\u00fbt 2021, est la relance post-covid de sous-r\u00e9gion de la Communaut\u00e9 \u00e9conomique et mon\u00e9taire de l\u2019Afrique central (Cemac). Sur ce point pr\u00e9cis, l\u2019on apprend que le co\u00fbt pr\u00e9visionnel dudit plan, qui va s\u2019\u00e9tendre sur [&hellip;]<\/p>\n","protected":false},"author":1969,"featured_media":0,"comment_status":"closed","ping_status":"closed","sticky":false,"template":"","format":"standard","meta":{"fifu_image_url":"","fifu_image_alt":"","footnotes":""},"categories":[82,78],"tags":[],"class_list":["post-125073","post","type-post","status-publish","format-standard","hentry","category-cameroun","category-economie"],"_links":{"self":[{"href":"https:\/\/linitiative.ca\/International\/wp-json\/wp\/v2\/posts\/125073","targetHints":{"allow":["GET"]}}],"collection":[{"href":"https:\/\/linitiative.ca\/International\/wp-json\/wp\/v2\/posts"}],"about":[{"href":"https:\/\/linitiative.ca\/International\/wp-json\/wp\/v2\/types\/post"}],"author":[{"embeddable":true,"href":"https:\/\/linitiative.ca\/International\/wp-json\/wp\/v2\/users\/1969"}],"replies":[{"embeddable":true,"href":"https:\/\/linitiative.ca\/International\/wp-json\/wp\/v2\/comments?post=125073"}],"version-history":[{"count":0,"href":"https:\/\/linitiative.ca\/International\/wp-json\/wp\/v2\/posts\/125073\/revisions"}],"wp:attachment":[{"href":"https:\/\/linitiative.ca\/International\/wp-json\/wp\/v2\/media?parent=125073"}],"wp:term":[{"taxonomy":"category","embeddable":true,"href":"https:\/\/linitiative.ca\/International\/wp-json\/wp\/v2\/categories?post=125073"},{"taxonomy":"post_tag","embeddable":true,"href":"https:\/\/linitiative.ca\/International\/wp-json\/wp\/v2\/tags?post=125073"}],"curies":[{"name":"wp","href":"https:\/\/api.w.org\/{rel}","templated":true}]}}