{"id":125074,"date":"2021-08-24T08:45:10","date_gmt":"2021-08-24T12:45:10","guid":{"rendered":"https:\/\/linitiative.ca\/International\/infrastructures-les-travaux-de-rehabilitation-des-axes-routiers-nkolmesseng-et-oyom-abang-sont-lances\/"},"modified":"2021-08-24T08:45:10","modified_gmt":"2021-08-24T12:45:10","slug":"infrastructures-les-travaux-de-rehabilitation-des-axes-routiers-nkolmesseng-et-oyom-abang-sont-lances","status":"publish","type":"post","link":"https:\/\/linitiative.ca\/International\/infrastructures-les-travaux-de-rehabilitation-des-axes-routiers-nkolmesseng-et-oyom-abang-sont-lances\/","title":{"rendered":"Infrastructures : les travaux de r\u00e9habilitation des axes routiers Nkolmesseng et Oyom-Abang sont lanc\u00e9s"},"content":{"rendered":"<div>\n<p>Le r\u00eave nourri par les populations du quartier de\u00a0<strong><a href=\"https:\/\/ecomatin.net\/yaounde-12-milliards-pour-reconstruire-nkolmesseng\/\">Nkolmesseng<\/a><\/strong>\u00a0dans l\u2019arrondissement de Yaound\u00e9 5e de voir le bitume pass\u00e9 par cet axe routier, est sur le point d\u2019\u00eatre une r\u00e9alit\u00e9. En effet, le 17 ao\u00fbt 2021, le ministre de l\u2019Habitat et du D\u00e9veloppement Urbain, C\u00e9lestine Ketcha Court\u00e8s, a proc\u00e9d\u00e9 au lancement officiel des travaux de r\u00e9habilitation des voiries structurantes de Nkolmesseng et Oyom-Abang dans l\u2019arrondissement de Yaound\u00e9 7<sup>e<\/sup>.<\/p>\n<p><strong>Lire aussi <\/strong>: <strong><a href=\"https:\/\/ecomatin.net\/douala-la-banque-mondiale-accorde-3-milliards-aux-personnes-deguerpies-de-12-quartiers\/\">Douala : la Banque mondiale accorde 3 milliards aux personnes d\u00e9guerpies de 12 quartiers<\/a><\/strong><\/p>\n<p>D\u2019une dur\u00e9e de 18 mois, et d\u2019un co\u00fbt total d\u2019un plus de 10 milliards de Fcfa, les travaux pr\u00e9voient en ce qui concerne Nkolmesseng, la construction d\u2019une chauss\u00e9e de deux fois deux voies de circulation chacune, s\u00e9par\u00e9es avec un terre-plein central de deux m\u00e8tres avec des caniveaux, des trottoirs et de l\u2019\u00e9clairage public. Ceci sur le trajet Carrefour Lyc\u00e9e Bilingue-Carrefour Momebelengai-Carrefour Ottou-Carrefour Tradex Eleveurs. Notons ici que les travaux sont divis\u00e9s en deux lots. L\u2019axe allant du Carrefour lyc\u00e9e bilingue, en passant par le Carrefour Safari, jusqu\u2019au Carrefour \u00e9leveur, constitue le premier. Le second quant-\u00e0-lui, va du Carrefour Safari au Carrefour Eleveur. Sur cet axe pr\u00e9cis, la zone qui concerne le Carrefour Safari au Carrefour Fabrique Ngousso en passant par le Carrefour Mono-Began jusqu\u2019au Carrefour Mebe-City, l\u2019appel d\u2019offres a \u00e9t\u00e9 lanc\u00e9, pour un d\u00e9but des travaux pr\u00e9vu pour 2022.<\/p>\n<p><strong>Lire aussi<\/strong> : <strong><a href=\"https:\/\/ecomatin.net\/uba-cameroon-accorde-un-pret-de-32-milliards-a-la-mairie-de-douala\/\">UBA Cameroon accorde un pr\u00eat de 3,2 milliards \u00e0 la Mairie de Douala<\/a><\/strong><\/p>\n<p>Du c\u00f4t\u00e9 d\u2019Oyam-Abang, dans l\u2019arrondissement de Yaound\u00e9 7e, il est pr\u00e9vu que les travaux d\u00e9butent au Carrefour Camp-Conel Oyam-Abang jusqu\u2019\u00e0 l\u2019intersection Leboudi. Une autre section partira du Carrefour Camp-Sonel Oyom-Abang jusqu\u2019au carrefour Centre Oyam-Abang o\u00f9 il y aura deux divisions, une sortie dans la direction du Carrefour Ona-Bella et une seconde du c\u00f4t\u00e9 du Carrefour Nkolbisson.<\/p>\n<p>Ces multiples travaux sont engag\u00e9s dans le cadre du\u00a0<strong><a href=\"https:\/\/ecomatin.net\/douala-la-banque-mondiale-accorde-3-milliards-aux-personnes-deguerpies-de-12-quartiers\/\">Projet de D\u00e9veloppement des Villes Inclusives et R\u00e9silientes<\/a><\/strong>\u00a0(Pdvir). Programme financ\u00e9 par la Banque mondiale, \u00e0 hauteur de 97 milliards de Fcfa, au profit de 7 villes du pays et de 21 quartiers d\u2019habitat pr\u00e9caire. Les villes en question \u00e9tant Batouri, dans la r\u00e9gion de l\u2019Est ; Douala, dans la r\u00e9gion du Littoral ; Kouss\u00e9ri, \u00e0 l\u2019Extr\u00eame-Nord ; Kumba au Sud-Ouest ; Maroua \u00e0 l\u2019Extr\u00eame-Nord ; Ngaound\u00e9r\u00e9 dans l\u2019Adamaoua et Yaound\u00e9 dans la r\u00e9gion du Centre.Il faut noter que, Le Pdvir succ\u00e8de au Projet de D\u00e9veloppement Urbain et du Secteur de l\u2019Eau (Pdue), cl\u00f4tur\u00e9 le 31 ao\u00fbt 2015 et qui a \u00e9t\u00e9 mis en \u0153uvre avec l\u2019appui technique et financier de la Banque mondiale. 651 400 personnes avaient directement pu b\u00e9n\u00e9ficier de ce programme.<\/p>\n<p><strong>Lire aussi<\/strong> : <strong><a href=\"https:\/\/ecomatin.net\/yaounde-12-milliards-pour-reconstruire-nkolmesseng\/\">Yaound\u00e9 : 12 milliards pour reconstruire Nkolmesseng<\/a><\/strong><\/p>\n<p>Il faut noter que, le Pdvir succ\u00e8de au Projet de D\u00e9veloppement Urbain et du Secteur de l\u2019Eau (Pdue), cl\u00f4tur\u00e9 le 31 ao\u00fbt 2015 et qui a \u00e9t\u00e9 mis en \u0153uvre avec l\u2019appui technique et financier de la Banque mondiale. 651 400 personnes avaient directement pu b\u00e9n\u00e9ficier de ce programme.<\/p>\n<p>L\u2019article <a rel=\"nofollow\" href=\"https:\/\/ecomatin.net\/infrastructures-les-travaux-de-rehabilitation-des-axes-routiers-nkolmesseng-et-oyom-abang-sont-lances\/\">Infrastructures : les travaux de r\u00e9habilitation des axes routiers Nkolmesseng et Oyom-Abang sont lanc\u00e9s<\/a> est apparu en premier sur <a rel=\"nofollow\" href=\"https:\/\/ecomatin.net\/\">EcoMatin<\/a>.<\/p>\n<\/div>\n<p>Auteur: Cindy MBALA<br \/>\n<a href=\"https:\/\/ecomatin.net\/infrastructures-les-travaux-de-rehabilitation-des-axes-routiers-nkolmesseng-et-oyom-abang-sont-lances\/\">Cliquez ici pour lire l&rsquo;article depuis sa source.<\/a><\/p>\n","protected":false},"excerpt":{"rendered":"<p>Le r\u00eave nourri par les populations du quartier de\u00a0Nkolmesseng\u00a0dans l\u2019arrondissement de Yaound\u00e9 5e de voir le bitume pass\u00e9 par cet axe routier, est sur le point d\u2019\u00eatre une r\u00e9alit\u00e9. En effet, le 17 ao\u00fbt 2021, le ministre de l\u2019Habitat et du D\u00e9veloppement Urbain, C\u00e9lestine Ketcha Court\u00e8s, a proc\u00e9d\u00e9 au lancement officiel des travaux de r\u00e9habilitation [&hellip;]<\/p>\n","protected":false},"author":1969,"featured_media":0,"comment_status":"closed","ping_status":"closed","sticky":false,"template":"","format":"standard","meta":{"fifu_image_url":"","fifu_image_alt":"","footnotes":""},"categories":[82,78],"tags":[],"class_list":["post-125074","post","type-post","status-publish","format-standard","hentry","category-cameroun","category-economie"],"_links":{"self":[{"href":"https:\/\/linitiative.ca\/International\/wp-json\/wp\/v2\/posts\/125074","targetHints":{"allow":["GET"]}}],"collection":[{"href":"https:\/\/linitiative.ca\/International\/wp-json\/wp\/v2\/posts"}],"about":[{"href":"https:\/\/linitiative.ca\/International\/wp-json\/wp\/v2\/types\/post"}],"author":[{"embeddable":true,"href":"https:\/\/linitiative.ca\/International\/wp-json\/wp\/v2\/users\/1969"}],"replies":[{"embeddable":true,"href":"https:\/\/linitiative.ca\/International\/wp-json\/wp\/v2\/comments?post=125074"}],"version-history":[{"count":0,"href":"https:\/\/linitiative.ca\/International\/wp-json\/wp\/v2\/posts\/125074\/revisions"}],"wp:attachment":[{"href":"https:\/\/linitiative.ca\/International\/wp-json\/wp\/v2\/media?parent=125074"}],"wp:term":[{"taxonomy":"category","embeddable":true,"href":"https:\/\/linitiative.ca\/International\/wp-json\/wp\/v2\/categories?post=125074"},{"taxonomy":"post_tag","embeddable":true,"href":"https:\/\/linitiative.ca\/International\/wp-json\/wp\/v2\/tags?post=125074"}],"curies":[{"name":"wp","href":"https:\/\/api.w.org\/{rel}","templated":true}]}}