{"id":125075,"date":"2021-08-24T10:12:50","date_gmt":"2021-08-24T14:12:50","guid":{"rendered":"https:\/\/linitiative.ca\/International\/filiere-rizicole-flou-autour-de-lacquisition-du-materiel-roulant-pour-la-semry\/"},"modified":"2021-08-24T10:12:50","modified_gmt":"2021-08-24T14:12:50","slug":"filiere-rizicole-flou-autour-de-lacquisition-du-materiel-roulant-pour-la-semry","status":"publish","type":"post","link":"https:\/\/linitiative.ca\/International\/filiere-rizicole-flou-autour-de-lacquisition-du-materiel-roulant-pour-la-semry\/","title":{"rendered":"Fili\u00e8re rizicole : flou autour de l\u2019acquisition du mat\u00e9riel roulant pour la Semry"},"content":{"rendered":"<div>\n<p>En vue de l\u2019\u00e9quipement des services techniques de la\u00a0<strong><a href=\"https:\/\/ecomatin.net\/la-semry-vise-une-production-annuellle-de-180-000-tonnes-de-riz\/\">Soci\u00e9t\u00e9 d\u2019Expansion et de Modernisation de la Riziculture de Yagoua<\/a><\/strong>\u00a0(Semry), le minist\u00e8re de l\u2019Agriculture et du D\u00e9veloppement Rurale (Minader), tutelle administrative de ladite entreprise, a lanc\u00e9 le 12 ao\u00fbt dernier un appel d\u2019offres en proc\u00e9dure d\u2019urgence en vue de l\u2019acquisition de 4 tracteurs et de 4 charrues pour le compte de la Semry pour un co\u00fbt pr\u00e9visionnel de 490 millions de FCFA. Une action \u00e0 priori salutaire si tant est qu\u2019elle aurait permis \u00e0 cette entreprise de relever son niveau de production. Cependant, il est une incongruit\u00e9 \u00e0 relever dans cette proc\u00e9dure, finalement annul\u00e9e par le ministre Gabriel Mba\u00efrob\u00e9, le 11 ao\u00fbt dernier, c\u2019est-\u00e0-dire avant m\u00eame que l\u2019appel d\u2019offres n\u2019ait \u00e9t\u00e9 lanc\u00e9. Le communiqu\u00e9 sign\u00e9 du patron de ce d\u00e9partement minist\u00e9riel n\u2019\u00e9voque pas les raisons de ce revirement.<\/p>\n<p><strong>Lire aussi<\/strong> : <strong><a href=\"https:\/\/ecomatin.net\/production-de-riz-letat-va-auditer-son-contratt-plan-de-8-milliards-avec-la-semry\/\">Production de riz : l\u2019Etat va auditer son contrat-plan de 8 milliards avec la Semry<\/a><\/strong><\/p>\n<p>Cependant, on est bien tent\u00e9 de croire que ce r\u00e9trop\u00e9dalage a \u00e0 voir avec l\u2019audit annonc\u00e9 de l\u2019entreprise. L\u2019Etat a en effet d\u00e9cid\u00e9 de faire une \u00e9valuation de son\u00a0<strong><a href=\"https:\/\/ecomatin.net\/production-de-riz-letat-va-auditer-son-contratt-plan-de-8-milliards-avec-la-semry\/\">contrat-plan<\/a><\/strong>\u00a0avec la structure, lequel s\u2019\u00e9talait sur la p\u00e9riode 2013-2017, puis prorog\u00e9 jusqu\u2019en 2019, pour un montant de 8 milliards de F. Le minist\u00e8re des Finances, tutelle financi\u00e8re de la Semry, est en effet \u00e0 la recherche d\u2019un consultant pour la r\u00e9alisation de cet audit, mais aussi pour analyser la viabilit\u00e9 de l\u2019entreprise en vue de l\u2019am\u00e9lioration de ses performances. En clair, \u00ab le consultant devra appr\u00e9cier l\u2019impact des mesures de restructuration mises en place par le gouvernement d\u2019une part, et proc\u00e9der \u00e0 un nouvel \u00e9tat des lieux par \u00e9valuation de la situation socio\u00e9conomique, technique et financi\u00e8re de la Semry dans toutes ses dimensions d\u2019autre part \u00bb, lit-on dans un avis de sollicitation \u00e0 manifestation d\u2019int\u00e9r\u00eat lanc\u00e9 par le Minfi, dans le quotidien \u00ab Cameroon Tribune \u00bb du mercredi 19 mai 2021.<\/p>\n<p><strong>Lire aussi<\/strong> : <strong><a href=\"https:\/\/ecomatin.net\/securite-alimentaire-loffice-cerealierr-en-quete-de-financementss-pour-se-ravitailler-a-la-semry\/\">S\u00e9curit\u00e9 alimentaire : l\u2019Office C\u00e9r\u00e9alier en qu\u00eate de financements pour se ravitailler \u00e0 la Semry<\/a><\/strong><\/p>\n<p>Il s\u2019agira donc d\u2019analyser la pertinence des actions retenues ; analyser les choix des investissements ; s\u2019assurer de l\u2019effectivit\u00e9 des r\u00e9alisations mat\u00e9rielles et financi\u00e8res conform\u00e9ment aux dispositions du contrat ; \u00e9valuer l\u2019impact du contrat-plan sur les activit\u00e9s de la Semry ; \u00e9valuer l\u2019impact socio\u00e9conomique du contrat-plan dans la r\u00e9gion de l\u2019Extr\u00eame-Nord.<\/p>\n<p>L\u2019article <a rel=\"nofollow\" href=\"https:\/\/ecomatin.net\/filiere-rizicole-flou-autour-de-lacquisition-du-materiel-roulant-pour-la-semry\/\">Fili\u00e8re rizicole : flou autour de l\u2019acquisition du mat\u00e9riel roulant pour la Semry<\/a> est apparu en premier sur <a rel=\"nofollow\" href=\"https:\/\/ecomatin.net\/\">EcoMatin<\/a>.<\/p>\n<\/div>\n<p>Auteur: Yannick KENNE<br \/>\n<a href=\"https:\/\/ecomatin.net\/filiere-rizicole-flou-autour-de-lacquisition-du-materiel-roulant-pour-la-semry\/\">Cliquez ici pour lire l&rsquo;article depuis sa source.<\/a><\/p>\n","protected":false},"excerpt":{"rendered":"<p>En vue de l\u2019\u00e9quipement des services techniques de la\u00a0Soci\u00e9t\u00e9 d\u2019Expansion et de Modernisation de la Riziculture de Yagoua\u00a0(Semry), le minist\u00e8re de l\u2019Agriculture et du D\u00e9veloppement Rurale (Minader), tutelle administrative de ladite entreprise, a lanc\u00e9 le 12 ao\u00fbt dernier un appel d\u2019offres en proc\u00e9dure d\u2019urgence en vue de l\u2019acquisition de 4 tracteurs et de 4 charrues [&hellip;]<\/p>\n","protected":false},"author":1969,"featured_media":0,"comment_status":"closed","ping_status":"closed","sticky":false,"template":"","format":"standard","meta":{"fifu_image_url":"","fifu_image_alt":"","footnotes":""},"categories":[82,78],"tags":[],"class_list":["post-125075","post","type-post","status-publish","format-standard","hentry","category-cameroun","category-economie"],"_links":{"self":[{"href":"https:\/\/linitiative.ca\/International\/wp-json\/wp\/v2\/posts\/125075","targetHints":{"allow":["GET"]}}],"collection":[{"href":"https:\/\/linitiative.ca\/International\/wp-json\/wp\/v2\/posts"}],"about":[{"href":"https:\/\/linitiative.ca\/International\/wp-json\/wp\/v2\/types\/post"}],"author":[{"embeddable":true,"href":"https:\/\/linitiative.ca\/International\/wp-json\/wp\/v2\/users\/1969"}],"replies":[{"embeddable":true,"href":"https:\/\/linitiative.ca\/International\/wp-json\/wp\/v2\/comments?post=125075"}],"version-history":[{"count":0,"href":"https:\/\/linitiative.ca\/International\/wp-json\/wp\/v2\/posts\/125075\/revisions"}],"wp:attachment":[{"href":"https:\/\/linitiative.ca\/International\/wp-json\/wp\/v2\/media?parent=125075"}],"wp:term":[{"taxonomy":"category","embeddable":true,"href":"https:\/\/linitiative.ca\/International\/wp-json\/wp\/v2\/categories?post=125075"},{"taxonomy":"post_tag","embeddable":true,"href":"https:\/\/linitiative.ca\/International\/wp-json\/wp\/v2\/tags?post=125075"}],"curies":[{"name":"wp","href":"https:\/\/api.w.org\/{rel}","templated":true}]}}