{"id":125076,"date":"2021-08-24T13:33:49","date_gmt":"2021-08-24T17:33:49","guid":{"rendered":"https:\/\/linitiative.ca\/International\/livre-scolaire-comment-le-marche-de-limpression-a-echappe-aux-imprimeurs-locaux\/"},"modified":"2021-08-24T13:33:49","modified_gmt":"2021-08-24T17:33:49","slug":"livre-scolaire-comment-le-marche-de-limpression-a-echappe-aux-imprimeurs-locaux","status":"publish","type":"post","link":"https:\/\/linitiative.ca\/International\/livre-scolaire-comment-le-marche-de-limpression-a-echappe-aux-imprimeurs-locaux\/","title":{"rendered":"Livre scolaire : comment le march\u00e9 de l\u2019impression a \u00e9chapp\u00e9 aux imprimeurs locaux"},"content":{"rendered":"<div>\n<p>La rentr\u00e9e scolaire est l\u00e0. L\u2019heure est aux pr\u00e9paratifs et l\u2019ensemble du syst\u00e8me \u00e9ducatif est mobilis\u00e9 \u00e0 cet effet, des instances tut\u00e9laires aux parents et\/ou \u00e9l\u00e8ves, en passant par les intervenants de la chaine de production des manuels scolaires et mat\u00e9riels didactiques. Une des probl\u00e9matiques \u00e0 r\u00e9soudre \u00e0 l\u2019occasion, est celle de la disponibilit\u00e9 du livre scolaire, qui a constitu\u00e9 l\u2019ann\u00e9e derni\u00e8re un v\u00e9ritable casse-t\u00eate pour le Conseil national d\u2019agr\u00e9ment des manuels scolaires et des mat\u00e9riels didactiques (Cnammd). Etant donn\u00e9 la r\u00e9currence du probl\u00e8me, les imprimeurs locaux, r\u00e9unis sous la coupole du Groupement interprofessionnel des imprimeurs et arts polygraphiques (Gipiap), ont cru devoir constituer une alternative pour le compte de l\u2019ann\u00e9e scolaire 2021-2022. Mais il n\u2019en sera rien, puisque les \u00e9diteurs ont d\u00e9j\u00e0 adress\u00e9 leurs commandes \u00e0 l\u2019\u00e9tranger, au grand dam de ceux-ci, a appris EcoMatin.<\/p>\n<p><strong>D\u00e9ni de competence<\/strong><\/p>\n<p><strong><a href=\"https:\/\/ecomatin.net\/50-de-la-production-du-livre-scolaire-accordee-aux-imprimeurs-locaux\/\">La proportion de 50% du march\u00e9 de la production du livre<\/a><\/strong>\u00a0qui leur avait \u00e9t\u00e9 promise par le Conseil national d\u2019agr\u00e9ment des manuels scolaires et des mat\u00e9riels didactiques apr\u00e8s recommandation du Premier ministre chef du gouvernement, leur a fil\u00e9e au bout des doigts. Les imprimeurs r\u00e9fl\u00e9chissaient pourtant \u00e0 la mise en \u0153uvre effective de la recommandation gouvernementale \u00e0 leur b\u00e9n\u00e9fice, et ont entrepris de mettre sur pied un cluster le 11 mars dernier, avec l\u2019appui de l\u2019Agence des petites et moyennes entreprises (Apme). \u00ab Le maitre d\u2019\u0153uvre doit \u00eatre la confiance ensuite le professionnalisme. La politique du Premier ministre est non seulement de rendre le livre comp\u00e9titif sur le plan financier mais aussi sur le plan qualitatif. Pour y parvenir, il ne faut pas entrer en comp\u00e9tition avec les coll\u00e8gues locaux mais plut\u00f4t avec ceux de l\u2019ext\u00e9rieur. Si nous nous compl\u00e9tons, nous allons r\u00e9ussir. Nous produirons des livres de qualit\u00e9 \u00bb, confiait alors Fran\u00e7ois Kewou, directeur de la structure \u00ab Les grandes Editions Sarl \u00bb, au journal Le Jour du vendredi 12 mars 2021.<\/p>\n<p><strong>Lire aussi<\/strong> : <strong><a href=\"https:\/\/ecomatin.net\/education-600-milliards-de-fcfa-a-glaner-dans-la-rentree-scolaire\/\">Education : 600 milliards de FCFA \u00e0 glaner dans la rentr\u00e9e scolaire<\/a><\/strong><\/p>\n<p>Sauf qu\u2019\u00e0 l\u2019heure de l\u2019impl\u00e9mentation de cette mesure, les imprimeurs locaux s\u2019entendront dire du Conseil national d\u2019agr\u00e9ment des manuels scolaires et des mat\u00e9riels didactiques qu\u2019ils ne disposent pas des capacit\u00e9s op\u00e9rationnelles pour remplir cette mission, a-t-on appris d\u2019une source au sein du Gipiap. \u00ab On n\u2019a rien re\u00e7u. M\u00eame pas 1%. Le conseil d\u2019agr\u00e9ment nous a r\u00e9unis r\u00e9cemment avec les \u00e9diteurs \u00e0 l\u2019h\u00f4tel Djeuga de Yaound\u00e9, et s\u00e9ance tenante, le pr\u00e9sident du conseil d\u00e9clare publiquement que nous ne pouvons pas r\u00e9aliser ce march\u00e9. Par la suite, le conseil nous a laiss\u00e9 en salle pr\u00e9textant qu\u2019il fallait qu\u2019on trouve un terrain d\u2019entente avec les \u00e9diteurs, tout en sachant que les \u00e9diteurs avaient d\u00e9j\u00e0 pass\u00e9 des commandes \u00e0 l\u2019\u00e9tranger. Entretemps, les \u00e9diteurs disent qu\u2019ils n\u2019\u00e9taient pas au courant de la d\u00e9cision du premier ministre. On a r\u00e9alis\u00e9 qu\u2019on avait \u00e9t\u00e9 flou\u00e9s, et la r\u00e9union s\u2019est termin\u00e9e en queue de poisson \u00bb, susurre notre informateur. Cette ann\u00e9e encore, ils vont devoir subir le diktat des imprimeries \u00e9trang\u00e8res, avec la b\u00e9n\u00e9diction des \u00e9diteurs.<\/p>\n<p><strong>Lire aussi<\/strong> : <strong><a href=\"https:\/\/ecomatin.net\/livre-scolaire-les-editeurs-locaux-gagnent-75-du-marche\/\">Livre scolaire : les \u00e9diteurs locaux gagnent 75% du march\u00e9<\/a><\/strong><\/p>\n<p>Selon une enqu\u00eate camerounaise sur les m\u00e9nages (Ecam), r\u00e9alis\u00e9e en 2001 par l\u2019institut national de la statistique (INS), plus de 90% du chiffre d\u2019affaires g\u00e9n\u00e9r\u00e9 par le manuel scolaire sont plut\u00f4t b\u00e9n\u00e9fiques aux entreprises \u00e9trang\u00e8res. Le Cameroun a ainsi d\u00e9bours\u00e9 pr\u00e8s de 80 milliards en 2012 pour les comptes des \u00e9diteurs occidentaux contre 45 milliards en 2009. Il faut cependant pr\u00e9ciser qu\u2019avec les 50% de la part de production du livre scolaire octroy\u00e9s aux imprimeurs, les co\u00fbts de production ne devaient pas \u00eatre sans incidence sur les prix des manuels. Le Cameroun ne produisant pas localement le papier, les imprimeurs se seraient vus dans l\u2019obligation d\u2019en importer.<\/p>\n<p><strong>Lire aussi<\/strong> : <strong><a href=\"https:\/\/ecomatin.net\/edition-le-livre-scolaire-camerounais-enrichi-les-pays-etrangers\/\">Edition\u00a0: Le livre scolaire camerounais enrichi les pays \u00e9trangers<\/a><\/strong><\/p>\n<p>L\u2019article <a rel=\"nofollow\" href=\"https:\/\/ecomatin.net\/livre-scolaire-comment-le-marche-de-limpression-a-echappe-aux-imprimeurs-locaux\/\">Livre scolaire : comment le march\u00e9 de l\u2019impression a \u00e9chapp\u00e9 aux imprimeurs locaux<\/a> est apparu en premier sur <a rel=\"nofollow\" href=\"https:\/\/ecomatin.net\/\">EcoMatin<\/a>.<\/p>\n<\/div>\n<p>Auteur: Yannick KENNE<br \/>\n<a href=\"https:\/\/ecomatin.net\/livre-scolaire-comment-le-marche-de-limpression-a-echappe-aux-imprimeurs-locaux\/\">Cliquez ici pour lire l&rsquo;article depuis sa source.<\/a><\/p>\n","protected":false},"excerpt":{"rendered":"<p>La rentr\u00e9e scolaire est l\u00e0. L\u2019heure est aux pr\u00e9paratifs et l\u2019ensemble du syst\u00e8me \u00e9ducatif est mobilis\u00e9 \u00e0 cet effet, des instances tut\u00e9laires aux parents et\/ou \u00e9l\u00e8ves, en passant par les intervenants de la chaine de production des manuels scolaires et mat\u00e9riels didactiques. Une des probl\u00e9matiques \u00e0 r\u00e9soudre \u00e0 l\u2019occasion, est celle de la disponibilit\u00e9 du [&hellip;]<\/p>\n","protected":false},"author":1969,"featured_media":0,"comment_status":"closed","ping_status":"closed","sticky":false,"template":"","format":"standard","meta":{"fifu_image_url":"","fifu_image_alt":"","footnotes":""},"categories":[82,78],"tags":[],"class_list":["post-125076","post","type-post","status-publish","format-standard","hentry","category-cameroun","category-economie"],"_links":{"self":[{"href":"https:\/\/linitiative.ca\/International\/wp-json\/wp\/v2\/posts\/125076","targetHints":{"allow":["GET"]}}],"collection":[{"href":"https:\/\/linitiative.ca\/International\/wp-json\/wp\/v2\/posts"}],"about":[{"href":"https:\/\/linitiative.ca\/International\/wp-json\/wp\/v2\/types\/post"}],"author":[{"embeddable":true,"href":"https:\/\/linitiative.ca\/International\/wp-json\/wp\/v2\/users\/1969"}],"replies":[{"embeddable":true,"href":"https:\/\/linitiative.ca\/International\/wp-json\/wp\/v2\/comments?post=125076"}],"version-history":[{"count":0,"href":"https:\/\/linitiative.ca\/International\/wp-json\/wp\/v2\/posts\/125076\/revisions"}],"wp:attachment":[{"href":"https:\/\/linitiative.ca\/International\/wp-json\/wp\/v2\/media?parent=125076"}],"wp:term":[{"taxonomy":"category","embeddable":true,"href":"https:\/\/linitiative.ca\/International\/wp-json\/wp\/v2\/categories?post=125076"},{"taxonomy":"post_tag","embeddable":true,"href":"https:\/\/linitiative.ca\/International\/wp-json\/wp\/v2\/tags?post=125076"}],"curies":[{"name":"wp","href":"https:\/\/api.w.org\/{rel}","templated":true}]}}