{"id":125079,"date":"2021-08-25T10:15:24","date_gmt":"2021-08-25T14:15:24","guid":{"rendered":"https:\/\/linitiative.ca\/International\/saison-estivale-ratee-pour-asilah\/"},"modified":"2021-08-25T10:15:24","modified_gmt":"2021-08-25T14:15:24","slug":"saison-estivale-ratee-pour-asilah","status":"publish","type":"post","link":"https:\/\/linitiative.ca\/International\/saison-estivale-ratee-pour-asilah\/","title":{"rendered":"Saison estivale rat\u00e9e pour Asilah"},"content":{"rendered":"<div>\n<p><img decoding=\"async\" width=\"300\" height=\"153\" src=\"https:\/\/linitiative.ca\/International\/wp-content\/uploads\/sites\/23\/2021\/08\/asilah-300x153-1.jpg\" class=\"attachment-medium size-medium wp-post-image\" alt=\"\" loading=\"lazy\" srcset=\"\/\/aujourdhui.ma\/wp-content\/uploads\/2017\/07\/asilah-300x153.jpg 300w, \/\/aujourdhui.ma\/wp-content\/uploads\/2017\/07\/asilah.jpg 746w\" sizes=\"auto, (max-width: 300px) 100vw, 300px\"><\/p>\n<p><span style=\"color: #800000;\"><strong>En pleine saison estivale, les \u00e9tablissements touristiques d\u2019Asilah peinent \u00e0 renouer avec leur rythme d\u2019avant la crise sanitaire li\u00e9e \u00e0 la pand\u00e9mie du Covid-19. Apr\u00e8s une p\u00e9riode d\u2019apr\u00e8s l\u2019A\u00efd Al Adha encourageante, la plupart d\u2019entre eux affichent une baisse de fr\u00e9quentation depuis ces derniers jours de fin ao\u00fbt.<\/strong><\/span><span id=\"more-385022\"><\/span><\/p>\n<p>\u00abNos recettes r\u00e9alis\u00e9es pour la plupart d\u2019entre nous, depuis le d\u00e9but de l\u2019\u00e9t\u00e9, sont en dessous de nos attentes. Celles effectu\u00e9es presque tout au long de juillet ont \u00e9t\u00e9 d\u00e9cevantes. Mais nous avons pu r\u00e9aliser une hausse de nos activit\u00e9s avec la fin du mois sept et d\u00e9but du mois huit, qui nous a apport\u00e9 une lueur d\u2019espoir. Malheureusement et comme c\u2019est le cas pour les professionnels des petites villes baln\u00e9aires, les recettes faites pendant cette courte p\u00e9riode ne nous aident pas \u00e0 vivre pendant toute l\u2019ann\u00e9e. Surtout que la plupart d\u2019entre nous ont, ces derniers jours, du mal \u00e0 vendre toute la capacit\u00e9 autoris\u00e9e pour cette p\u00e9riode de crise sanitaire. Alors qu\u2019en temps normal, nous continuions d\u2019afficher complet presque tout le mois d\u2019ao\u00fbt\u00bb, explique un directeur d\u2019\u00e9tablissement d\u2019h\u00e9bergement touristique \u00e0 Asilah, faisant remarquer que \u00abtout nous pousse \u00e0 penser que nous allons rater le reste de cette p\u00e9riode estivale tr\u00e8s attendue par les professionnels\u00bb.<\/p>\n<p><strong>La plupart des commerces affect\u00e9s<\/strong><br \/>\nComme chaque \u00e9t\u00e9 et \u00e0 l\u2019instar des h\u00f4tels, les autres \u00e9tablissements touristiques et les commerces, en particulier ceux d\u00e9pendant du tourisme, ont beaucoup mis\u00e9 sur la p\u00e9riode estivale en vue de renflouer leurs caisses et pouvoir ainsi faire face \u00e0 la chute de leur activit\u00e9 au cours de l\u2019ann\u00e9e. Apr\u00e8s avoir rat\u00e9 la pr\u00e9c\u00e9dente saison \u00e0 cause de la fermeture des plages relevant de la pr\u00e9fecture de Tanger-Asilah, \u00abnous avons eu beaucoup d\u2019espoir pour cet \u00e9t\u00e9 pour pouvoir sortir de la crise et rembourser nos dettes, qui continuent de s\u2019accumuler depuis plus de deux ans. Il faut dire que les derni\u00e8res mesures de pr\u00e9vention avec l\u2019avancement du couvre feu \u00e0 9 h du soir ont jou\u00e9 en d\u00e9faveur de la reprise de notre secteur. Car nous avions l\u2019habitude avant l\u2019arriv\u00e9e de Coronavirus de r\u00e9aliser nos meilleures ventes au-del\u00e0 de la pri\u00e8re d\u2019Al Asr. Surtout qu\u2019Al-Kharazine, o\u00f9 se trouve la majorit\u00e9 des bazars d\u2019Asilah, est parmi les quartiers de l\u2019ancienne m\u00e9dina les plus fr\u00e9quent\u00e9s des amoureux des promenades nocturnes en \u00e9t\u00e9\u00bb, fait savoir un bazariste du quartier Al-Kharazine.<\/p>\n<p><strong>Effets de la saisonnalit\u00e9 touristique<\/strong><br \/>\nPour les professionnels touristiques et les autres commerces, dont ceux d\u00e9pendant du tourisme, la situation devient encore incertaine pour eux. Ils continuent d\u2019avoir du mal \u00e0 survivre \u00e0 la crise \u00e9conomique, alors qu\u2019ils s\u2019attendent \u00e0 un presque arr\u00eat de leur activit\u00e9 pendant l\u2019automne et l\u2019hiver.<br \/>\nEt ce en raison des effets de la saisonnalit\u00e9 touristique, dont souffre \u00e9norm\u00e9ment Asilah. D\u2019autant plus que les acteurs touristiques et les simples za\u00eflachis, qui vivent seulement de la location de leurs propres maisons pendant la saison estivale, n\u2019ont pas r\u00e9ussi \u00e0 r\u00e9aliser assez de recettes pendant cet \u00e9t\u00e9 pour pouvoir tirer leur \u00e9pingle du jeu pendant les mois de l\u2019ann\u00e9e. D\u2019ailleurs et avec ses aspects baln\u00e9aire et culturel (avec les c\u00e9l\u00e8bres sites culturels et maritimes dont regorge l\u2019ancienne m\u00e9dina), Asilah continue de souffrir en dehors de la saison estivale du tourisme de passage dont l\u2019\u00e9conomie locale ne peut tirer profit.<\/p>\n<\/div>\n<p>Auteur: Najat Fa\u00efssal<br \/>\n<a href=\"https:\/\/aujourdhui.ma\/economie\/saison-estivale-ratee-pour-asilah\">Cliquez ici pour lire l&rsquo;article depuis sa source.<\/a><\/p>\n","protected":false},"excerpt":{"rendered":"<p>En pleine saison estivale, les \u00e9tablissements touristiques d\u2019Asilah peinent \u00e0 renouer avec leur rythme d\u2019avant la crise sanitaire li\u00e9e \u00e0 la pand\u00e9mie du Covid-19. Apr\u00e8s une p\u00e9riode d\u2019apr\u00e8s l\u2019A\u00efd Al Adha encourageante, la plupart d\u2019entre eux affichent une baisse de fr\u00e9quentation depuis ces derniers jours de fin ao\u00fbt. \u00abNos recettes r\u00e9alis\u00e9es pour la plupart d\u2019entre [&hellip;]<\/p>\n","protected":false},"author":1759,"featured_media":0,"comment_status":"closed","ping_status":"closed","sticky":false,"template":"","format":"standard","meta":{"fifu_image_url":"https:\/\/aujourdhui.ma\/wp-content\/uploads\/2017\/07\/asilah-300x153.jpg","fifu_image_alt":"Saison estivale rat\u00e9e pour Asilah","footnotes":""},"categories":[73,54],"tags":[],"class_list":["post-125079","post","type-post","status-publish","format-standard","hentry","category-actualite","category-maroc"],"_links":{"self":[{"href":"https:\/\/linitiative.ca\/International\/wp-json\/wp\/v2\/posts\/125079","targetHints":{"allow":["GET"]}}],"collection":[{"href":"https:\/\/linitiative.ca\/International\/wp-json\/wp\/v2\/posts"}],"about":[{"href":"https:\/\/linitiative.ca\/International\/wp-json\/wp\/v2\/types\/post"}],"author":[{"embeddable":true,"href":"https:\/\/linitiative.ca\/International\/wp-json\/wp\/v2\/users\/1759"}],"replies":[{"embeddable":true,"href":"https:\/\/linitiative.ca\/International\/wp-json\/wp\/v2\/comments?post=125079"}],"version-history":[{"count":0,"href":"https:\/\/linitiative.ca\/International\/wp-json\/wp\/v2\/posts\/125079\/revisions"}],"wp:attachment":[{"href":"https:\/\/linitiative.ca\/International\/wp-json\/wp\/v2\/media?parent=125079"}],"wp:term":[{"taxonomy":"category","embeddable":true,"href":"https:\/\/linitiative.ca\/International\/wp-json\/wp\/v2\/categories?post=125079"},{"taxonomy":"post_tag","embeddable":true,"href":"https:\/\/linitiative.ca\/International\/wp-json\/wp\/v2\/tags?post=125079"}],"curies":[{"name":"wp","href":"https:\/\/api.w.org\/{rel}","templated":true}]}}