{"id":125081,"date":"2021-08-25T10:20:59","date_gmt":"2021-08-25T14:20:59","guid":{"rendered":"https:\/\/linitiative.ca\/International\/ouled-frej-un-malfrat-sinfiltre-a-linterieur-dune-pharmacie-pour-preparer-du-the\/"},"modified":"2021-08-25T10:20:59","modified_gmt":"2021-08-25T14:20:59","slug":"ouled-frej-un-malfrat-sinfiltre-a-linterieur-dune-pharmacie-pour-preparer-du-the","status":"publish","type":"post","link":"https:\/\/linitiative.ca\/International\/ouled-frej-un-malfrat-sinfiltre-a-linterieur-dune-pharmacie-pour-preparer-du-the\/","title":{"rendered":"Ouled Frej : Un malfrat s\u2019infiltre \u00e0 l\u2019int\u00e9rieur d\u2019une pharmacie pour\u2026 pr\u00e9parer du th\u00e9"},"content":{"rendered":"<div>\n<p><img decoding=\"async\" width=\"300\" height=\"153\" src=\"https:\/\/linitiative.ca\/International\/wp-content\/uploads\/sites\/23\/2021\/08\/pharmacie-Maroc-300x153-1.jpg\" class=\"attachment-medium size-medium wp-post-image\" alt=\"\" loading=\"lazy\" srcset=\"\/\/aujourdhui.ma\/wp-content\/uploads\/2021\/08\/pharmacie-Maroc-300x153.jpg 300w, \/\/aujourdhui.ma\/wp-content\/uploads\/2021\/08\/pharmacie-Maroc-274x140.jpg 274w, \/\/aujourdhui.ma\/wp-content\/uploads\/2021\/08\/pharmacie-Maroc.jpg 746w, \/\/aujourdhui.ma\/wp-content\/uploads\/2021\/08\/pharmacie-Maroc-165x84.jpg 165w, \/\/aujourdhui.ma\/wp-content\/uploads\/2021\/08\/pharmacie-Maroc-702x358.jpg 702w\" sizes=\"auto, (max-width: 300px) 100vw, 300px\"><\/p>\n<p><span style=\"color: #800000;\"><strong>Au centre de Had Ouled Frej relevant de la province d\u2019El Jadida, un jeune malfaiteur s\u2019est infiltr\u00e9, samedi dernier, vers la premi\u00e8re heure, \u00e0 l\u2019int\u00e9rieur d\u2019une pharmacie en y acc\u00e9dant par la fen\u00eatre.<\/strong><\/span><span id=\"more-385001\"><\/span><\/p>\n<p>Mettant la main sur une somme de trente mille dirhams qui \u00e9tait dans la caisse et sur quelques bo\u00eetes de comprim\u00e9s psychotropes, il s\u2019est appr\u00eat\u00e9 \u00e0 quitter les lieux. Seulement, quand il a remarqu\u00e9 une bonbonne de gaz, du th\u00e9, de la menthe et du sucre, il a d\u00e9cid\u00e9 d\u2019y rester pour pr\u00e9parer du th\u00e9. Malheureusement pour lui une personne passant pr\u00e8s de la pharmacie a remarqu\u00e9 sa pr\u00e9sence. Alors il a pris son t\u00e9l\u00e9phone portable pour composer le num\u00e9ro de la gendarmerie. Sans perdre la moindre seconde, les limiers se sont d\u00e9p\u00each\u00e9s sur les lieux pour arr\u00eater, en flagrant d\u00e9lit, le malfaiteur.<\/p>\n<\/div>\n<p>Auteur: Abderrafii ALOUMLIKI<br \/>\n<a href=\"https:\/\/aujourdhui.ma\/faits-divers\/ouled-frej-un-malfrat-sinfiltre-a-linterieur-dune-pharmacie-pour-preparer-du-the\">Cliquez ici pour lire l&rsquo;article depuis sa source.<\/a><\/p>\n","protected":false},"excerpt":{"rendered":"<p>Au centre de Had Ouled Frej relevant de la province d\u2019El Jadida, un jeune malfaiteur s\u2019est infiltr\u00e9, samedi dernier, vers la premi\u00e8re heure, \u00e0 l\u2019int\u00e9rieur d\u2019une pharmacie en y acc\u00e9dant par la fen\u00eatre. Mettant la main sur une somme de trente mille dirhams qui \u00e9tait dans la caisse et sur quelques bo\u00eetes de comprim\u00e9s psychotropes, [&hellip;]<\/p>\n","protected":false},"author":1759,"featured_media":0,"comment_status":"closed","ping_status":"closed","sticky":false,"template":"","format":"standard","meta":{"fifu_image_url":"https:\/\/aujourdhui.ma\/wp-content\/uploads\/2021\/08\/pharmacie-Maroc-300x153.jpg","fifu_image_alt":"Ouled Frej : Un malfrat s\u2019infiltre \u00e0 l\u2019int\u00e9rieur d\u2019une pharmacie pour\u2026 pr\u00e9parer du th\u00e9","footnotes":""},"categories":[73,54],"tags":[],"class_list":["post-125081","post","type-post","status-publish","format-standard","hentry","category-actualite","category-maroc"],"_links":{"self":[{"href":"https:\/\/linitiative.ca\/International\/wp-json\/wp\/v2\/posts\/125081","targetHints":{"allow":["GET"]}}],"collection":[{"href":"https:\/\/linitiative.ca\/International\/wp-json\/wp\/v2\/posts"}],"about":[{"href":"https:\/\/linitiative.ca\/International\/wp-json\/wp\/v2\/types\/post"}],"author":[{"embeddable":true,"href":"https:\/\/linitiative.ca\/International\/wp-json\/wp\/v2\/users\/1759"}],"replies":[{"embeddable":true,"href":"https:\/\/linitiative.ca\/International\/wp-json\/wp\/v2\/comments?post=125081"}],"version-history":[{"count":0,"href":"https:\/\/linitiative.ca\/International\/wp-json\/wp\/v2\/posts\/125081\/revisions"}],"wp:attachment":[{"href":"https:\/\/linitiative.ca\/International\/wp-json\/wp\/v2\/media?parent=125081"}],"wp:term":[{"taxonomy":"category","embeddable":true,"href":"https:\/\/linitiative.ca\/International\/wp-json\/wp\/v2\/categories?post=125081"},{"taxonomy":"post_tag","embeddable":true,"href":"https:\/\/linitiative.ca\/International\/wp-json\/wp\/v2\/tags?post=125081"}],"curies":[{"name":"wp","href":"https:\/\/api.w.org\/{rel}","templated":true}]}}