{"id":125085,"date":"2021-08-25T11:20:48","date_gmt":"2021-08-25T15:20:48","guid":{"rendered":"https:\/\/linitiative.ca\/International\/axa-lammc-vise-le-processus-preliminaire-relatif-a-laugmentation-du-capital\/"},"modified":"2021-08-25T11:20:48","modified_gmt":"2021-08-25T15:20:48","slug":"axa-lammc-vise-le-processus-preliminaire-relatif-a-laugmentation-du-capital","status":"publish","type":"post","link":"https:\/\/linitiative.ca\/International\/axa-lammc-vise-le-processus-preliminaire-relatif-a-laugmentation-du-capital\/","title":{"rendered":"AXA: L\u2019AMMC vise le processus pr\u00e9liminaire relatif \u00e0 l\u2019augmentation du capital"},"content":{"rendered":"<div>\n<p><img decoding=\"async\" width=\"300\" height=\"153\" src=\"https:\/\/linitiative.ca\/International\/wp-content\/uploads\/sites\/23\/2021\/08\/Axa-300x153-1.jpg\" class=\"attachment-medium size-medium wp-post-image\" alt=\"\" loading=\"lazy\" srcset=\"\/\/aujourdhui.ma\/wp-content\/uploads\/2017\/01\/Axa-300x153.jpg 300w, \/\/aujourdhui.ma\/wp-content\/uploads\/2017\/01\/Axa.jpg 746w\" sizes=\"auto, (max-width: 300px) 100vw, 300px\"><\/p>\n<p><strong>L\u2019Autorit\u00e9 marocaine du march\u00e9 des capitaux (AMMC) a annonc\u00e9, lundi, avoir vis\u00e9 un prospectus pr\u00e9liminaire relatif \u00e0 l\u2019augmentation du capital de la soci\u00e9t\u00e9 \u00abAXA\u00bb r\u00e9serv\u00e9e aux salari\u00e9s du groupe.<\/strong><span id=\"more-385024\"><\/span><\/p>\n<p>Cette op\u00e9ration, dont la p\u00e9riode de r\u00e9servation au Maroc s\u2019\u00e9talera du 24 ao\u00fbt au 7 septembre inclus, se fera par l\u2019\u00e9mission d\u2019un maximum de 58.951.965 actions, pr\u00e9cise l\u2019AMMC dans un communiqu\u00e9.<\/p>\n<p>Au Maroc, ladite op\u00e9ration concerne les salari\u00e9s des filiales \u00abAxa Assurance Maroc\u00bb, \u00abAxa Assistance Maroc\u00bb, \u00abAxa Assistance Maroc Services\u00bb, \u00abInstitut de formation et de d\u00e9veloppement professionnel Axa\u00bb, \u00abAxa Cr\u00e9dit\u00bb, \u00abCarr\u00e9 Assurance Maroc\u00bb, \u00abSoci\u00e9t\u00e9 de gestion et de surveillance\u00bb, \u00abAxa France IARD succursale\u00bb, \u00abAxa France Vie Succursale\u00bb, \u00abAvanssur Succursale Maroc\u00bb et \u00abAxa Group Operations Morocco\u00bb, fait savoir la m\u00eame source.<\/p>\n<p>Le prix de souscription sera fix\u00e9 le 12 octobre prochain, conclut le communiqu\u00e9.<\/p>\n<\/div>\n<p>Auteur: ALM<br \/>\n<a href=\"https:\/\/aujourdhui.ma\/economie\/axa-lammc-vise-le-processus-preliminaire-relatif-a-laugmentation-du-capital\">Cliquez ici pour lire l&rsquo;article depuis sa source.<\/a><\/p>\n","protected":false},"excerpt":{"rendered":"<p>L\u2019Autorit\u00e9 marocaine du march\u00e9 des capitaux (AMMC) a annonc\u00e9, lundi, avoir vis\u00e9 un prospectus pr\u00e9liminaire relatif \u00e0 l\u2019augmentation du capital de la soci\u00e9t\u00e9 \u00abAXA\u00bb r\u00e9serv\u00e9e aux salari\u00e9s du groupe. Cette op\u00e9ration, dont la p\u00e9riode de r\u00e9servation au Maroc s\u2019\u00e9talera du 24 ao\u00fbt au 7 septembre inclus, se fera par l\u2019\u00e9mission d\u2019un maximum de 58.951.965 actions, [&hellip;]<\/p>\n","protected":false},"author":1759,"featured_media":0,"comment_status":"closed","ping_status":"closed","sticky":false,"template":"","format":"standard","meta":{"fifu_image_url":"https:\/\/aujourdhui.ma\/wp-content\/uploads\/2017\/01\/Axa-300x153.jpg","fifu_image_alt":"AXA: L\u2019AMMC vise le processus pr\u00e9liminaire relatif \u00e0 l\u2019augmentation du capital","footnotes":""},"categories":[73,54],"tags":[],"class_list":["post-125085","post","type-post","status-publish","format-standard","hentry","category-actualite","category-maroc"],"_links":{"self":[{"href":"https:\/\/linitiative.ca\/International\/wp-json\/wp\/v2\/posts\/125085","targetHints":{"allow":["GET"]}}],"collection":[{"href":"https:\/\/linitiative.ca\/International\/wp-json\/wp\/v2\/posts"}],"about":[{"href":"https:\/\/linitiative.ca\/International\/wp-json\/wp\/v2\/types\/post"}],"author":[{"embeddable":true,"href":"https:\/\/linitiative.ca\/International\/wp-json\/wp\/v2\/users\/1759"}],"replies":[{"embeddable":true,"href":"https:\/\/linitiative.ca\/International\/wp-json\/wp\/v2\/comments?post=125085"}],"version-history":[{"count":0,"href":"https:\/\/linitiative.ca\/International\/wp-json\/wp\/v2\/posts\/125085\/revisions"}],"wp:attachment":[{"href":"https:\/\/linitiative.ca\/International\/wp-json\/wp\/v2\/media?parent=125085"}],"wp:term":[{"taxonomy":"category","embeddable":true,"href":"https:\/\/linitiative.ca\/International\/wp-json\/wp\/v2\/categories?post=125085"},{"taxonomy":"post_tag","embeddable":true,"href":"https:\/\/linitiative.ca\/International\/wp-json\/wp\/v2\/tags?post=125085"}],"curies":[{"name":"wp","href":"https:\/\/api.w.org\/{rel}","templated":true}]}}