{"id":125088,"date":"2021-08-24T14:00:00","date_gmt":"2021-08-24T18:00:00","guid":{"rendered":"https:\/\/linitiative.ca\/International\/la-renaissance-dune-metropole\/"},"modified":"2021-08-24T14:00:00","modified_gmt":"2021-08-24T18:00:00","slug":"la-renaissance-dune-metropole","status":"publish","type":"post","link":"https:\/\/linitiative.ca\/International\/la-renaissance-dune-metropole\/","title":{"rendered":"La renaissance d\u2019une m\u00e9tropole !"},"content":{"rendered":"<div>\n<p class=\"has-vivid-cyan-blue-color has-text-color\"><strong>Franchement, que manquerait-il \u00e0 une cit\u00e9 d\u2019envergure comme Agadir, pour devenir une v\u00e9ritable m\u00e9tropole pour le \u00a0d\u00e9veloppement r\u00e9gional ? Aussi bien son registre de ville-carrefour entre le nord et le sud du royaume que son statut de ville-levier de la triptyque \u00e9conomique de choix qu\u2019elle renferme, depuis des lustres, \u00e0 savoir le tourisme, la p\u00eache et l\u2019industrie lui offre une position avant-gardiste dans l\u2019\u00e9chiquier national. D\u2019autant plus que la ville fut reb\u00e2tie, \u00e0 l\u2019\u00e9tat brut, au lendemain du cataclysme de 1960. Certes, au d\u00e9but de la ru\u00e9e vers la refonte de la cit\u00e9 sinistr\u00e9e, sous les auspices de l\u2019instance de l\u2019Etat cr\u00e9\u00e9e \u00e0 cet effet, en l\u2019occurrence, le Haut Commissariat de la Reconstruction d\u2019Agadir (HCR), la ville renaissait de ses d\u00e9combres, en procr\u00e9ant\u00a0 de belles b\u00e2tisses aux architectures antisismiques de haute qualit\u00e9 tant au plan s\u00e9curitaire qu\u2019esth\u00e9tique, \u00e0 l\u2019image du secteur administratif ou encore des si\u00e8ges de la poste centrale, de l\u2019h\u00f4tel de ville\u2026 Cependant, quelques ann\u00e9es plus tard, juste apr\u00e8s la dissolution du HCR, on eut l\u2019id\u00e9e de confier l\u2019affectation d\u2019une s\u00e9rie de lotissements aux conseillers communaux et aux services administratifs concern\u00e9s, sous l\u2019\u00e9gide des autorit\u00e9s locales, \u00e0 l\u2019\u00e9poque.<\/strong><\/p>\n<p class=\"has-black-color has-text-color\">C\u2019est ainsi que de nouvelles d\u00e9fections entachaient les op\u00e9rations de montage du cadre de vie, ainsi que l\u2019attribution des domiciles. Sans trop s\u2019\u00e9tendre sur les d\u00e9tails de cette phase d\u2019urbanisme induite de conduites malsaines, on dira que la fondation de la ville souffrait, d\u00e8s lors, d\u2019une hybridation m\u00e9tiss\u00e9e dont les retomb\u00e9es nocives ne se font ressentir que dans la post\u00e9rit\u00e9. L\u2019entr\u00e9e en lice du promoteur immobilier national et ses pareils du priv\u00e9, ensuite, aggravaient davantage ces diverses incoh\u00e9rences fonci\u00e8res, avec de nouvelles attitudes sp\u00e9culatives. Sans parler de la profusion de multitudes d\u2019immeubles et de b\u00e2timents, sans respect des normes urbanistiques requises, ni dotation en \u00e9quipements publics rudimentaires. La voracit\u00e9 du \u00ab b\u00e9ton \u00bb des lotisseurs-am\u00e9nageurs en vrac allait, par la suite, se poursuivre, sans r\u00e9pit, partout en ville et ses banlieues au point de s\u00e9cr\u00e9ter, au fil des ans, un mod\u00e8le d\u2019urbanisation, en fracture criard avec la politique de la ville int\u00e9gr\u00e9e.<\/p>\n<p class=\"has-black-color has-text-color\">\u00a0En revanche, on ne pourrait passer sous silence le succ\u00e8s enregistr\u00e9 dans le programme national de l\u2019\u00e9radication des bidonvilles, \u00e0 l\u2019instar de nombre de r\u00e9gions du royaume. Ce sursaut ferme a permis de mener une large campagne de d\u00e9molition des baraques et des constructions non r\u00e9glementaires, comme dans la bourgade d\u2019Anza o\u00f9 pas moins d\u2019une dizaine de douars ont \u00e9t\u00e9 totalement ras\u00e9s, quoique ces mesures aient suscit\u00e9 un sentiment de frustration chez les victimes, longtemps enracin\u00e9es dans ces lieux, avec l\u2019aval complice de certains agents de l\u2019autorit\u00e9 et de conseillers de la commune, pour des consid\u00e9rations \u00e9lectoralistes, jadis. Le cas des pi\u00e9monts en est une flagrante illustration ! Ceci \u00e9tant, aujourd\u2019hui, on n\u2019a\u00a0 pas l\u2019intention de d\u00e9voiler ce pass\u00e9 lugubre pour tourner le fer dans la plaie ni r\u00e9clamer des sanctions \u00e0 l\u2019encontre des auteurs de ces d\u00e9ch\u00e9ances. Car la responsabilit\u00e9 incombe \u00e0 nombre de gouverneurs, d\u2019\u00e9lus et d\u2019institutionnels.<\/p>\n<p class=\"has-black-color has-text-color\">L\u2019impunit\u00e9 a toujours \u00e9t\u00e9 le fort du pays durant des d\u00e9cades. On h\u00e9rite alors de ces d\u00e9ficits qui ont beaucoup nui \u00e0 l\u2019\u00e9volution de cette ville dont les atouts susmentionn\u00e9s ci-dessus sont incontestables. Comment peut-on assurer \u00e0 la cit\u00e9 satellitaire qui regorge d\u2019une constellation de potentiels, le rayonnement escompt\u00e9 ? Il est bien \u00e9vident que l\u2019intervention de l\u2019Etat est primordial, \u00e0 l\u2019instar de plusieurs de ses homologues du pays, en particulier Marrakech, Tanger, Rabat, K\u00e9nitra, Casablanca\u2026Son soutien, \u00e0 travers l\u2019apport de gros fonds publics et \u00e9trangers et de grands chantiers, est n\u00e9cessaire pour pouvoir enclencher le d\u00e9collage effectif dont les ingr\u00e9dients ne lui ont jamais fait d\u00e9faut. Toutefois, on ne pourrait gu\u00e8re persuader et drainer les appuis \u00e9tatiques de cette envergure, sans la pr\u00e9disposition des \u00e9nergies locales, fond\u00e9es d\u2019abord, sur la cr\u00e9ativit\u00e9 et l\u2019engouement de toutes ses composantes, en parfaite synergie, en premier lieu, la commune\u00a0 territoriale. Agadir a toujours les moyens de le faire, en toute franchise ! Certes, le pessimisme n\u2019a pas lieu d\u2019exister en pareils cas, en comparaison avec l\u2019optimisme souvent utile pour la vie d\u2019une ville. Mais, des fois le pessimisme incite au d\u00e9passement d\u2019un \u00e9tat maussade, comme disait, le th\u00e9oricien italien, Antonio Gramsci : \u00ab On est pessimiste par l\u2019intelligence et optimiste par la volont\u00e9!\u00a0\u00bb<\/p>\n<p>L\u2019article <a rel=\"nofollow\" href=\"http:\/\/albayane.press.ma\/la-renaissance-dune-metropole.html\">La renaissance d\u2019une m\u00e9tropole !<\/a> est apparu en premier sur <a rel=\"nofollow\" href=\"http:\/\/albayane.press.ma\/\">ALBAYANE<\/a>.<\/p>\n<\/div>\n<p>Auteur: M&rsquo;hammed rahal<br \/>\n<a href=\"http:\/\/albayane.press.ma\/la-renaissance-dune-metropole.html\">Cliquez ici pour lire l&rsquo;article depuis sa source.<\/a><\/p>\n","protected":false},"excerpt":{"rendered":"<p>Franchement, que manquerait-il \u00e0 une cit\u00e9 d\u2019envergure comme Agadir, pour devenir une v\u00e9ritable m\u00e9tropole pour le \u00a0d\u00e9veloppement r\u00e9gional ? Aussi bien son registre de ville-carrefour entre le nord et le sud du royaume que son statut de ville-levier de la triptyque \u00e9conomique de choix qu\u2019elle renferme, depuis des lustres, \u00e0 savoir le tourisme, la p\u00eache [&hellip;]<\/p>\n","protected":false},"author":1760,"featured_media":0,"comment_status":"closed","ping_status":"closed","sticky":false,"template":"","format":"standard","meta":{"fifu_image_url":"","fifu_image_alt":"","footnotes":""},"categories":[73,54],"tags":[],"class_list":["post-125088","post","type-post","status-publish","format-standard","hentry","category-actualite","category-maroc"],"_links":{"self":[{"href":"https:\/\/linitiative.ca\/International\/wp-json\/wp\/v2\/posts\/125088","targetHints":{"allow":["GET"]}}],"collection":[{"href":"https:\/\/linitiative.ca\/International\/wp-json\/wp\/v2\/posts"}],"about":[{"href":"https:\/\/linitiative.ca\/International\/wp-json\/wp\/v2\/types\/post"}],"author":[{"embeddable":true,"href":"https:\/\/linitiative.ca\/International\/wp-json\/wp\/v2\/users\/1760"}],"replies":[{"embeddable":true,"href":"https:\/\/linitiative.ca\/International\/wp-json\/wp\/v2\/comments?post=125088"}],"version-history":[{"count":0,"href":"https:\/\/linitiative.ca\/International\/wp-json\/wp\/v2\/posts\/125088\/revisions"}],"wp:attachment":[{"href":"https:\/\/linitiative.ca\/International\/wp-json\/wp\/v2\/media?parent=125088"}],"wp:term":[{"taxonomy":"category","embeddable":true,"href":"https:\/\/linitiative.ca\/International\/wp-json\/wp\/v2\/categories?post=125088"},{"taxonomy":"post_tag","embeddable":true,"href":"https:\/\/linitiative.ca\/International\/wp-json\/wp\/v2\/tags?post=125088"}],"curies":[{"name":"wp","href":"https:\/\/api.w.org\/{rel}","templated":true}]}}