{"id":125089,"date":"2021-08-24T14:00:00","date_gmt":"2021-08-24T18:00:00","guid":{"rendered":"https:\/\/linitiative.ca\/International\/el-otmani-un-veritable-plaidoyer-pour-les-valeurs-de-patriotisme\/"},"modified":"2021-08-24T14:00:00","modified_gmt":"2021-08-24T18:00:00","slug":"el-otmani-un-veritable-plaidoyer-pour-les-valeurs-de-patriotisme","status":"publish","type":"post","link":"https:\/\/linitiative.ca\/International\/el-otmani-un-veritable-plaidoyer-pour-les-valeurs-de-patriotisme\/","title":{"rendered":"El Otmani : \u00ab Un v\u00e9ritable plaidoyer pour les valeurs de patriotisme \u00bb"},"content":{"rendered":"<div>\n<p class=\"has-text-align-center has-vivid-red-color has-text-color\"><strong>Discours Royal du 20 ao\u00fbt<\/strong><\/p>\n<p class=\"has-black-color has-text-color\"><strong>Le chef du gouvernement, Sa\u00e2d Dine El Otmani a affirm\u00e9, lundi \u00e0 Rabat, que le Discours Royal adress\u00e9 \u00e0 la Nation \u00e0 l\u2019occasion du 68\u00e8me anniversaire de la r\u00e9volution du Roi et du peuple est un v\u00e9ritable plaidoyer pour les vraies valeurs du patriotisme.<\/strong><\/p>\n<p class=\"has-black-color has-text-color\">Dans un communiqu\u00e9 rendu public \u00e0 l\u2019issue du conseil de gouvernement tenu en visioconf\u00e9rence, M. El Otmani a soulign\u00e9 \u00a0\u00bbl\u2019importance de ce Discours Royal qui insiste sur les valeurs du patriotisme et de la d\u00e9fense de la patrie, lesquelles valeurs devraient \u00eatre \u00e0 chaque moment pr\u00e9sentes \u00e0 l\u2019esprit des responsables de la gestion de la chose publique\u00a0\u00bb.<\/p>\n<p class=\"has-black-color has-text-color\">Le chef du gouvernement a \u00e9voqu\u00e9, \u00e0 ce propos, la port\u00e9e de la c\u00e9l\u00e9bration de l\u2019anniversaire de la r\u00e9volution du Roi et du peuple et de la f\u00eate de la jeunesse, implorant le Tr\u00e8s-Haut de renouveler de pareilles occasions pour le Souverain et l\u2019illustre famille Royale dans la sant\u00e9 et le bien-\u00eatre et pour le peuple marocain dans la stabilit\u00e9 et la prosp\u00e9rit\u00e9.<br \/>Il a, aussi, ajout\u00e9 que le Discours Royal insiste sur l\u2019absolue n\u00e9cessit\u00e9 pour le Maroc de rester toujours fort \u00e0 la faveur de ses institutions, de l\u2019unit\u00e9 de l\u2019ensemble de ses composantes et leur mobilisation pour la d\u00e9fense des int\u00e9r\u00eats supr\u00eames de la nation, notamment au cours des p\u00e9riodes de crise.<\/p>\n<p class=\"has-black-color has-text-color\">Une mobilisation sans faille comme cela a \u00e9t\u00e9 confirm\u00e9 ces derniers temps face aux man\u0153uvres et complots visant le Royaume, a-t-il dit, citant, \u00e0 ce propos, le discours Royal qui souligne que \u00a0\u00bble Maroc est vis\u00e9 du fait qu\u2019il est un Etat pleinement constitu\u00e9 depuis plus de douze si\u00e8cles, outre une histoire amazighe au long cours, et que depuis plus de quatre si\u00e8cles il est gouvern\u00e9 par une monarchie citoyenne, pr\u00e9sidant \u00e0 la destin\u00e9e du pays et la fa\u00e7onnant dans une symbiose totale entre le Tr\u00f4ne et le peuple. Le Maroc est aussi vis\u00e9 pour sa s\u00e9curit\u00e9 et sa stabilit\u00e9, ces biens particuli\u00e8rement pr\u00e9cieux en ces temps de convulsions et de soubresauts qui agitent le monde\u00a0\u00bb.<br \/>Dans son discours, le Souverain affirme que \u00a0\u00bble Maroc, au m\u00eame titre que certains pays du Maghreb arabe, fait face \u00e0 une agression d\u00e9lib\u00e9r\u00e9e et pr\u00e9m\u00e9dit\u00e9e. Agripp\u00e9s \u00e0 des positions pr\u00e9\u00e9tablies et \u00e0 des consid\u00e9rations obsol\u00e8tes, les ennemis de l\u2019int\u00e9grit\u00e9 territoriale du Royaume ne souhaitent pas que le Maroc demeure la nation libre, forte et influente qu\u2019il a toujours \u00e9t\u00e9\u00a0\u00bb, a rappel\u00e9 M. El Otmani.<\/p>\n<p class=\"has-black-color has-text-color\">\u00a0\u00bbAussi, et dans l\u2019intention de pr\u00e9cipiter le Maroc dans une spirale de probl\u00e8mes et de conflits avec certains pays, toutes sortes de ressources, l\u00e9gitimes et ill\u00e9gitimes, ont \u00e9t\u00e9 mobilis\u00e9es, avec une distribution des r\u00f4les et le d\u00e9ploiement d\u2019impressionnants dispositifs d\u2019influence\u00a0\u00bb, rel\u00e8ve le discours Royal, qui note que \u00a0\u00bbdans le m\u00eame esprit, les artisans de ce travail de sape ont orchestr\u00e9 une vaste campagne de d\u00e9nigrement \u00e0 l\u2019encontre de nos institutions s\u00e9curitaires. Ils tentent ainsi de porter un coup \u00e0 leur niveau de ma\u00eetrise \u00e9lev\u00e9 et \u00e0 leur efficacit\u00e9 \u00e0 pr\u00e9server la s\u00e9curit\u00e9 et la stabilit\u00e9 du Maroc. Ils cherchent par l\u00e0 m\u00eame \u00e0 jeter une ombre sur l\u2019effort d\u2019appui et de coordination qu\u2019elles assurent au b\u00e9n\u00e9fice de notre environnement r\u00e9gional et international et ce, de l\u2019aveu m\u00eame de quelques-uns de ces pays\u00a0\u00bb.<br \/>Et M. El Otmani de conclure dans le discours Royal, SM le Roi affirme que \u00a0\u00bbpar leurs men\u00e9es, les ennemis de notre int\u00e9grit\u00e9 territoriale ne font que renforcer la foi et l\u2019engagement d\u00e9termin\u00e9 des Marocains \u00e0 d\u00e9fendre sans rel\u00e2che la Patrie et ses int\u00e9r\u00eats sup\u00e9rieurs\u00a0\u00bb.<\/p>\n<p>L\u2019article <a rel=\"nofollow\" href=\"http:\/\/albayane.press.ma\/el-otmani-un-veritable-plaidoyer-pour-les-valeurs-de-patriotisme.html\">El Otmani : \u00ab Un v\u00e9ritable plaidoyer pour les valeurs de patriotisme \u00bb<\/a> est apparu en premier sur <a rel=\"nofollow\" href=\"http:\/\/albayane.press.ma\/\">ALBAYANE<\/a>.<\/p>\n<\/div>\n<p>Auteur: M&rsquo;hammed rahal<br \/>\n<a href=\"http:\/\/albayane.press.ma\/el-otmani-un-veritable-plaidoyer-pour-les-valeurs-de-patriotisme.html\">Cliquez ici pour lire l&rsquo;article depuis sa source.<\/a><\/p>\n","protected":false},"excerpt":{"rendered":"<p>Discours Royal du 20 ao\u00fbt Le chef du gouvernement, Sa\u00e2d Dine El Otmani a affirm\u00e9, lundi \u00e0 Rabat, que le Discours Royal adress\u00e9 \u00e0 la Nation \u00e0 l\u2019occasion du 68\u00e8me anniversaire de la r\u00e9volution du Roi et du peuple est un v\u00e9ritable plaidoyer pour les vraies valeurs du patriotisme. Dans un communiqu\u00e9 rendu public \u00e0 [&hellip;]<\/p>\n","protected":false},"author":1760,"featured_media":0,"comment_status":"closed","ping_status":"closed","sticky":false,"template":"","format":"standard","meta":{"fifu_image_url":"","fifu_image_alt":"","footnotes":""},"categories":[73,54],"tags":[],"class_list":["post-125089","post","type-post","status-publish","format-standard","hentry","category-actualite","category-maroc"],"_links":{"self":[{"href":"https:\/\/linitiative.ca\/International\/wp-json\/wp\/v2\/posts\/125089","targetHints":{"allow":["GET"]}}],"collection":[{"href":"https:\/\/linitiative.ca\/International\/wp-json\/wp\/v2\/posts"}],"about":[{"href":"https:\/\/linitiative.ca\/International\/wp-json\/wp\/v2\/types\/post"}],"author":[{"embeddable":true,"href":"https:\/\/linitiative.ca\/International\/wp-json\/wp\/v2\/users\/1760"}],"replies":[{"embeddable":true,"href":"https:\/\/linitiative.ca\/International\/wp-json\/wp\/v2\/comments?post=125089"}],"version-history":[{"count":0,"href":"https:\/\/linitiative.ca\/International\/wp-json\/wp\/v2\/posts\/125089\/revisions"}],"wp:attachment":[{"href":"https:\/\/linitiative.ca\/International\/wp-json\/wp\/v2\/media?parent=125089"}],"wp:term":[{"taxonomy":"category","embeddable":true,"href":"https:\/\/linitiative.ca\/International\/wp-json\/wp\/v2\/categories?post=125089"},{"taxonomy":"post_tag","embeddable":true,"href":"https:\/\/linitiative.ca\/International\/wp-json\/wp\/v2\/tags?post=125089"}],"curies":[{"name":"wp","href":"https:\/\/api.w.org\/{rel}","templated":true}]}}