{"id":125090,"date":"2021-08-24T14:00:00","date_gmt":"2021-08-24T18:00:00","guid":{"rendered":"https:\/\/linitiative.ca\/International\/les-parents-deleves-revendiquent-un-enseignement-en-presentiel\/"},"modified":"2021-08-24T14:00:00","modified_gmt":"2021-08-24T18:00:00","slug":"les-parents-deleves-revendiquent-un-enseignement-en-presentiel","status":"publish","type":"post","link":"https:\/\/linitiative.ca\/International\/les-parents-deleves-revendiquent-un-enseignement-en-presentiel\/","title":{"rendered":"Les Parents d\u2019\u00e9l\u00e8ves revendiquent un enseignement en pr\u00e9sentiel"},"content":{"rendered":"<div>\n<p class=\"has-text-align-center has-vivid-red-color has-text-color\"><strong>Rentr\u00e9e scolaire 2021-2022<\/strong><\/p>\n<p class=\"has-black-color has-text-color\"><strong>Apr\u00e8s avoir apport\u00e9 un d\u00e9menti cat\u00e9gorique aux rumeurs all\u00e9guant une \u00e9ventuelle modification des dates de la rent\u00e9e scolaire 2021-2022, le minist\u00e8re de l\u2019Education nationale, de la formation professionnelle, de l\u2019enseignement sup\u00e9rieur et de la recherche scientifique vient de rectifier le tir, en annon\u00e7ant que le lancement effectif de la rent\u00e9e p\u00e9dagogique aura lieu le 10 septembre 2021 au lieu du 3 septembre 2021. \u00a0<\/strong><\/p>\n<p class=\"has-black-color has-text-color\">Le Chef du d\u00e9partement de tutelle a motiv\u00e9 sa d\u00e9cision par le contexte pand\u00e9mique marqu\u00e9 par la forte hausse des cas et la difficult\u00e9 de pr\u00e9voir l\u2019\u00e9volution de la pand\u00e9mie. Outre, la situation pand\u00e9mique, d\u2019autres facteurs montrent que la prochaine\u00a0 rentr\u00e9e sera plac\u00e9e sous le signe de la tension, \u00e9tant donn\u00e9 que l\u2019Association nationale des directrices des \u00e9coles primaires au Maroc (ANDEPM), a menac\u00e9 de recourir \u00e0\u00a0 des\u00a0 actions de protestation afin de faire aboutir son dossier revendicatif. M\u00eame son de cloche chez les enseignants contractuels qui, de leur part, ne semblent point l\u00e2cher prise, en revendiquant leur int\u00e9gration dans la fonction publique.<\/p>\n<p class=\"has-black-color has-text-color\">Contact\u00e9 par Al Bayane, Noureddine Akkouri, Pr\u00e9sident de la F\u00e9d\u00e9ration nationale des associations de parents d\u2019\u00e9l\u00e8ves au Maroc (FNAPEM), a soulign\u00e9 l\u2019absence d\u2019une feuille de route aupr\u00e8s de tous les acteurs concernant la rentr\u00e9e scolaire, indiquant que les parents d\u2019\u00e9l\u00e8ves sont dans l\u2019embarras. Abondant dans le m\u00eame ordre d\u2019id\u00e9es, notre interlocuteur pose la question sur l\u2019op\u00e9ration de vaccination des \u00e9l\u00e8ves, notamment chez la cat\u00e9gorie d\u2019\u00e2ge allant de 12 \u00e0 17 ans. \u00ab\u00a0Va-t-on attendre \u00e0 ce que tous les \u00e9l\u00e8ves soient vaccin\u00e9s pour atteindre l\u2019immunit\u00e9 collective ou, va-t-on\u00a0 se contenter, dans un premier temps, d\u2019une seule dose\u00a0?\u00a0\u00bb, s\u2019est-il interrog\u00e9.<\/p>\n<p class=\"has-black-color has-text-color\">Autre question non moins importante soulev\u00e9e par plusieurs parents : le Maroc dispose-t-il suffisamment de doses du vaccin Pfizer pour mener \u00e0 bien cette op\u00e9ration\u00a0?<\/p>\n<p class=\"has-black-color has-text-color\"><strong>Les parents d\u2019\u00e9lev\u00e9es dans le flou\u2026<\/strong><\/p>\n<p class=\"has-black-color has-text-color\">Pour lui, les parents d\u2019\u00e9l\u00e8ves sont dans le flou, en attendant une r\u00e9union entre l\u2019FNAPEM et le minist\u00e8re de l\u2019Education afin de clarifier la situation Il faut dire, a-t-il insist\u00e9, que les questions qui taraudent les esprits des milliers de parents d\u2019\u00e9l\u00e8ves portent sur les modalit\u00e9s de la rentr\u00e9e scolaire. Autrement dit,\u00a0 Y-aura-il un enseignement en pr\u00e9sentiel ou \u00e0 distance ? Certains parents se demandent aussi si le minist\u00e8re va recourir \u00e0 l\u2019enseignement en alternance comme ce fut le cas pour l\u2019ann\u00e9e derni\u00e8re. Cela dit, beaucoup de points demeurent en suspens, et ce en l\u2019absence d\u2019une v\u00e9ritable vision contenant tous les sc\u00e9narios envisageables.<\/p>\n<p class=\"has-black-color has-text-color\">Concernant les revendications de la FNAPEM, Noureddine Akkouri, a d\u00e9clar\u00e9 que les parents exigent un enseignement en pr\u00e9sentiel. \u00ab\u00a0L\u2019enseignement \u00e0 distance est un mode d\u2019\u00e9ducation compl\u00e9mentaire et ne peut pas se substituer \u00e0 l\u2019enseignement en pr\u00e9sentiel\u00a0\u00bb, a-t-il not\u00e9 en substance.\u00a0\u00a0<\/p>\n<p class=\"has-black-color has-text-color\">Sur un autre registre, Mohammed Ennahili, coordinateur national de l\u2019Union des parents d\u2019\u00e9l\u00e8ves de l\u2019enseignement priv\u00e9 au Maroc a d\u00e9clar\u00e9 que le gouvernement n\u2019a pas tenu ses promesses en mati\u00e8re de la r\u00e9gulation des frais de scolarit\u00e9, afin de prot\u00e9ger les parents de la cupidit\u00e9 de certains patrons d\u2019\u00e9tablissements priv\u00e9s.<\/p>\n<p class=\"has-black-color has-text-color\">Qui plus est, Mohammed Ennahili consid\u00e8re que le nouveau d\u00e9cret n\u00b02.20.475, \u00a0r\u00e9gissant le\u00a0 fonctionnement et les attributions des associations des parents d\u2019\u00e9l\u00e8ves, publi\u00e9 r\u00e9cemment dans le bulletin officiel, contient juste des g\u00e9n\u00e9ralit\u00e9s et n\u2019oblige en rien les \u00e9coles priv\u00e9es. Comme quoi, le texte ne renforce pas le droit de la cr\u00e9ation des associations ou encore la cons\u00e9cration de\u00a0 leur r\u00f4le en tant que partenaire dans le processus \u00e9ducatif au niveau des \u00e9coles priv\u00e9es, a-t-il conclu.\u00a0\u00a0\u00a0<\/p>\n<p class=\"has-black-color has-text-color\"><strong>Khalid Darfaf<\/strong><\/p>\n<p>L\u2019article <a rel=\"nofollow\" href=\"http:\/\/albayane.press.ma\/les-parents-deleves-revendiquent-un-enseignement-en-presentiel.html\">Les Parents d\u2019\u00e9l\u00e8ves revendiquent un enseignement en pr\u00e9sentiel<\/a> est apparu en premier sur <a rel=\"nofollow\" href=\"http:\/\/albayane.press.ma\/\">ALBAYANE<\/a>.<\/p>\n<\/div>\n<p>Auteur: M&rsquo;hammed rahal<br \/>\n<a href=\"http:\/\/albayane.press.ma\/les-parents-deleves-revendiquent-un-enseignement-en-presentiel.html\">Cliquez ici pour lire l&rsquo;article depuis sa source.<\/a><\/p>\n","protected":false},"excerpt":{"rendered":"<p>Rentr\u00e9e scolaire 2021-2022 Apr\u00e8s avoir apport\u00e9 un d\u00e9menti cat\u00e9gorique aux rumeurs all\u00e9guant une \u00e9ventuelle modification des dates de la rent\u00e9e scolaire 2021-2022, le minist\u00e8re de l\u2019Education nationale, de la formation professionnelle, de l\u2019enseignement sup\u00e9rieur et de la recherche scientifique vient de rectifier le tir, en annon\u00e7ant que le lancement effectif de la rent\u00e9e p\u00e9dagogique aura [&hellip;]<\/p>\n","protected":false},"author":1760,"featured_media":0,"comment_status":"closed","ping_status":"closed","sticky":false,"template":"","format":"standard","meta":{"fifu_image_url":"","fifu_image_alt":"","footnotes":""},"categories":[73,54],"tags":[],"class_list":["post-125090","post","type-post","status-publish","format-standard","hentry","category-actualite","category-maroc"],"_links":{"self":[{"href":"https:\/\/linitiative.ca\/International\/wp-json\/wp\/v2\/posts\/125090","targetHints":{"allow":["GET"]}}],"collection":[{"href":"https:\/\/linitiative.ca\/International\/wp-json\/wp\/v2\/posts"}],"about":[{"href":"https:\/\/linitiative.ca\/International\/wp-json\/wp\/v2\/types\/post"}],"author":[{"embeddable":true,"href":"https:\/\/linitiative.ca\/International\/wp-json\/wp\/v2\/users\/1760"}],"replies":[{"embeddable":true,"href":"https:\/\/linitiative.ca\/International\/wp-json\/wp\/v2\/comments?post=125090"}],"version-history":[{"count":0,"href":"https:\/\/linitiative.ca\/International\/wp-json\/wp\/v2\/posts\/125090\/revisions"}],"wp:attachment":[{"href":"https:\/\/linitiative.ca\/International\/wp-json\/wp\/v2\/media?parent=125090"}],"wp:term":[{"taxonomy":"category","embeddable":true,"href":"https:\/\/linitiative.ca\/International\/wp-json\/wp\/v2\/categories?post=125090"},{"taxonomy":"post_tag","embeddable":true,"href":"https:\/\/linitiative.ca\/International\/wp-json\/wp\/v2\/tags?post=125090"}],"curies":[{"name":"wp","href":"https:\/\/api.w.org\/{rel}","templated":true}]}}