{"id":125091,"date":"2021-08-24T14:01:00","date_gmt":"2021-08-24T18:01:00","guid":{"rendered":"https:\/\/linitiative.ca\/International\/un-levier-pour-la-creation-demplois\/"},"modified":"2021-08-24T14:01:00","modified_gmt":"2021-08-24T18:01:00","slug":"un-levier-pour-la-creation-demplois","status":"publish","type":"post","link":"https:\/\/linitiative.ca\/International\/un-levier-pour-la-creation-demplois\/","title":{"rendered":"Un levier pour la cr\u00e9ation d\u2019emplois"},"content":{"rendered":"<div>\n<p class=\"has-text-align-center has-vivid-red-color has-text-color\"><strong>La plateforme des jeunes de Sidi Ifni<\/strong><\/p>\n<p class=\"has-black-color has-text-color\"><strong>La plateforme des jeunes de Sidi Ifni constitue un levier important pour la cr\u00e9ation d\u2019emplois et un espace d\u00e9di\u00e9 \u00e0 accueillir, orienter et soutenir les jeunes porteurs d\u2019id\u00e9es et de projets innovants dans cette province.<\/strong><\/p>\n<p class=\"has-black-color has-text-color\">Cette plateforme offre ainsi une chance pour les jeunes de valoriser leurs comp\u00e9tences et d\u2019\u00eatre accompagn\u00e9s dans le d\u00e9veloppement de leurs id\u00e9es et leur transformation en projets \u00e9conomiques rentables.<\/p>\n<p class=\"has-black-color has-text-color\">Cette infrastructure d\u00e9di\u00e9e aux jeunes, qui s\u2019inscrit dans le cadre de la phase III de l\u2019Initiative nationale pour le d\u00e9veloppement humain (2019-2023) \u00e0 travers le Programme d\u2019am\u00e9lioration du revenu et d\u2019insertion \u00e9conomique des jeunes, ambitionne de mettre en \u0153uvre une nouvelle approche de cr\u00e9ation de valeur ajout\u00e9e gr\u00e2ce \u00e0 une action concert\u00e9e qui cible le projet, le porteur et l\u2019environnement.<\/p>\n<p class=\"has-black-color has-text-color\">Ce projet, qui a n\u00e9cessit\u00e9 un investissement de l\u2019ordre de 500.000 dh, va aider les jeunes dans leur qu\u00eate d\u2019un emploi et dans la cr\u00e9ation de petites entreprises et d\u2019activit\u00e9s g\u00e9n\u00e9ratrices de revenus sur la base d\u2019une approche partenariale favorisant le d\u00e9veloppement \u00e9conomique et durable.<\/p>\n<p class=\"has-black-color has-text-color\">Cette plate-forme, qui sera g\u00e9r\u00e9e par l\u2019association Moubadarte pour le d\u00e9veloppement humain et l\u2019int\u00e9gration sociale, cible les jeunes \u00e2g\u00e9s entre 18 et 45 ans, les auto-entrepreneurs, les coop\u00e9ratives et les petites et moyennes entreprises.<br \/>Elle conna\u00eet une forte influence de la part des porteurs d\u2019id\u00e9es de projets souhaitant recevoir les informations n\u00e9cessaires, afin de cr\u00e9er des projets g\u00e9n\u00e9rateurs de revenus.<\/p>\n<p class=\"has-black-color has-text-color\">La plateforme des jeunes qui a \u00e9t\u00e9 lanc\u00e9e en mai dernier, \u00e0 l\u2019occasion de la comm\u00e9moration du 16\u00e8me anniversaire de l\u2019INDH, a permis de recevoir plus de 200 dossiers.<\/p>\n<p class=\"has-black-color has-text-color\">Dans une d\u00e9claration \u00e0 la MAP, Youssef El Zahraoui, charg\u00e9 de l\u2019accompagnement et de l\u2019\u00e9coute au sein de cette plateforme a indiqu\u00e9 qu\u2019elle s\u2019adresse aux jeunes porteurs de projets et d\u2019id\u00e9es de projets, en leur assurant l\u2019accueil, l\u2019accompagnement et l\u2019\u00e9coute, pr\u00e9cisant qu\u2019\u00e0 ce jour, environ 210 dossiers portant sur des projets divers et innovants qui vont de pair avec les particularit\u00e9s de la r\u00e9gion, ont \u00e9t\u00e9 re\u00e7us dans les diff\u00e9rentes collectivit\u00e9s territoriales dans la province.<\/p>\n<p class=\"has-black-color has-text-color\">M. El Zahraoui a \u00e9galement fait savoir qu\u2019apr\u00e8s r\u00e9ception des dossiers, des r\u00e9unions individuelles ont \u00e9t\u00e9 tenues avec les porteurs de projets pour identifier les lacunes, suivies de l\u2019\u00e9tape de l\u2019accompagnement individuel et collectif, en vue de soutenir ces jeunes, \u00e0 travers l\u2019acquisition des comp\u00e9tences leur facilitant l\u2019acc\u00e8s au monde de l\u2019entrepreneuriat et au march\u00e9 du travail.<\/p>\n<p class=\"has-black-color has-text-color\">Pour sa part, le chef de la Division de l\u2019action sociale (DAS) \u00e0 Sidi Ifni, Nissrine Falhi a soulign\u00e9 que l\u2019INDH dans 3-\u00e9me phase est une opportunit\u00e9 pour les jeunes dipl\u00f4m\u00e9s d\u2019acc\u00e9der au march\u00e9 du travail, en allouant environ 14 millions de dirhams sur trois ans pour financer le programme d\u2019am\u00e9lioration des revenus et l\u2019inclusion \u00e9conomique des jeunes, \u00e0 m\u00eame de cr\u00e9er la plateforme des jeunes.<\/p>\n<p class=\"has-black-color has-text-color\">Cette plateforme a re\u00e7u plus de 200 dossiers, qui sont actuellement en cours d\u2019\u00e9tude et de traitement, ce qui est de nature \u00e0 consolider l\u2019offre de l\u2019emploi dans la province, a poursuivi Mme Falhi.<br \/>Depuis son lancement en 2005, l\u2019INDH avait parmi ses priorit\u00e9s l\u2019accompagnement des jeunes et le financement de leurs projets, a-t-elle relev\u00e9.<br \/>Parmi les projets pilotes soutenus par l\u2019Initiative au niveau de la province de Sidi Ifni, figure le projet relatif \u00e0 l\u2019acquisition de quatre quads.<\/p>\n<p class=\"has-black-color has-text-color\">Il s\u2019agit d\u2019un projet touristique li\u00e9 principalement au tourisme baln\u00e9aire \u00e0 travers l\u2019utilisation de ces quads pour transporter les individus \u00e0 la plage Legzira situ\u00e9 \u00e0 10 km de Sidi Ifni qui souhaitent faire des circuits touristiques.<br \/>Dans ce contexte, Mme Falhi a soulign\u00e9 que l\u2019INDH a contribu\u00e9 \u00e0 la hauteur de 70% au financement de ce projet qui est de nature \u00e0 promouvoir le potentiel touristique de Sidi Ifni.<\/p>\n<p>L\u2019article <a rel=\"nofollow\" href=\"http:\/\/albayane.press.ma\/un-levier-pour-la-creation-demplois.html\">Un levier pour la cr\u00e9ation d\u2019emplois<\/a> est apparu en premier sur <a rel=\"nofollow\" href=\"http:\/\/albayane.press.ma\/\">ALBAYANE<\/a>.<\/p>\n<\/div>\n<p>Auteur: M&rsquo;hammed rahal<br \/>\n<a href=\"http:\/\/albayane.press.ma\/un-levier-pour-la-creation-demplois.html\">Cliquez ici pour lire l&rsquo;article depuis sa source.<\/a><\/p>\n","protected":false},"excerpt":{"rendered":"<p>La plateforme des jeunes de Sidi Ifni La plateforme des jeunes de Sidi Ifni constitue un levier important pour la cr\u00e9ation d\u2019emplois et un espace d\u00e9di\u00e9 \u00e0 accueillir, orienter et soutenir les jeunes porteurs d\u2019id\u00e9es et de projets innovants dans cette province. Cette plateforme offre ainsi une chance pour les jeunes de valoriser leurs comp\u00e9tences [&hellip;]<\/p>\n","protected":false},"author":1760,"featured_media":0,"comment_status":"closed","ping_status":"closed","sticky":false,"template":"","format":"standard","meta":{"fifu_image_url":"","fifu_image_alt":"","footnotes":""},"categories":[73,54],"tags":[],"class_list":["post-125091","post","type-post","status-publish","format-standard","hentry","category-actualite","category-maroc"],"_links":{"self":[{"href":"https:\/\/linitiative.ca\/International\/wp-json\/wp\/v2\/posts\/125091","targetHints":{"allow":["GET"]}}],"collection":[{"href":"https:\/\/linitiative.ca\/International\/wp-json\/wp\/v2\/posts"}],"about":[{"href":"https:\/\/linitiative.ca\/International\/wp-json\/wp\/v2\/types\/post"}],"author":[{"embeddable":true,"href":"https:\/\/linitiative.ca\/International\/wp-json\/wp\/v2\/users\/1760"}],"replies":[{"embeddable":true,"href":"https:\/\/linitiative.ca\/International\/wp-json\/wp\/v2\/comments?post=125091"}],"version-history":[{"count":0,"href":"https:\/\/linitiative.ca\/International\/wp-json\/wp\/v2\/posts\/125091\/revisions"}],"wp:attachment":[{"href":"https:\/\/linitiative.ca\/International\/wp-json\/wp\/v2\/media?parent=125091"}],"wp:term":[{"taxonomy":"category","embeddable":true,"href":"https:\/\/linitiative.ca\/International\/wp-json\/wp\/v2\/categories?post=125091"},{"taxonomy":"post_tag","embeddable":true,"href":"https:\/\/linitiative.ca\/International\/wp-json\/wp\/v2\/tags?post=125091"}],"curies":[{"name":"wp","href":"https:\/\/api.w.org\/{rel}","templated":true}]}}