{"id":125093,"date":"2021-08-25T11:30:00","date_gmt":"2021-08-25T15:30:00","guid":{"rendered":"https:\/\/linitiative.ca\/International\/les-vols-de-et-vers-lalgerie-revus-a-la-hausse\/"},"modified":"2021-08-25T11:30:00","modified_gmt":"2021-08-25T15:30:00","slug":"les-vols-de-et-vers-lalgerie-revus-a-la-hausse","status":"publish","type":"post","link":"https:\/\/linitiative.ca\/International\/les-vols-de-et-vers-lalgerie-revus-a-la-hausse\/","title":{"rendered":"Les vols de et vers l\u2019Alg\u00e9rie revus \u00e0 la hausse"},"content":{"rendered":"<div>Le minist\u00e8re des transports a annonc\u00e9, ce mercredi 25 ao\u00fbt, dans un communiqu\u00e9, l\u2019augmentation des nombres de vols internationaux de et vers l\u2019Alg\u00e9rie, assur\u00e9s par la compagnie a\u00e9rienne nationale Air Alg\u00e9rie, au niveau des a\u00e9roports d\u2019Alger, Oran et<\/div>\n<p>Auteur:<br \/>\n<a href=\"https:\/\/www.liberte-algerie.com\/actualite\/les-vols-de-et-vers-lalgerie-revus-a-la-hausse-363921\">Cliquez ici pour lire l&rsquo;article depuis sa source.<\/a><\/p>\n","protected":false},"excerpt":{"rendered":"<p>Le minist\u00e8re des transports a annonc\u00e9, ce mercredi 25 ao\u00fbt, dans un communiqu\u00e9, l\u2019augmentation des nombres de vols internationaux de et vers l\u2019Alg\u00e9rie, assur\u00e9s par la compagnie a\u00e9rienne nationale Air Alg\u00e9rie, au niveau des a\u00e9roports d\u2019Alger, Oran et Auteur: Cliquez ici pour lire l&rsquo;article depuis sa source.<\/p>\n","protected":false},"author":1742,"featured_media":0,"comment_status":"closed","ping_status":"closed","sticky":false,"template":"","format":"standard","meta":{"fifu_image_url":"","fifu_image_alt":"","footnotes":""},"categories":[73,53],"tags":[],"class_list":["post-125093","post","type-post","status-publish","format-standard","hentry","category-actualite","category-algerie"],"_links":{"self":[{"href":"https:\/\/linitiative.ca\/International\/wp-json\/wp\/v2\/posts\/125093","targetHints":{"allow":["GET"]}}],"collection":[{"href":"https:\/\/linitiative.ca\/International\/wp-json\/wp\/v2\/posts"}],"about":[{"href":"https:\/\/linitiative.ca\/International\/wp-json\/wp\/v2\/types\/post"}],"author":[{"embeddable":true,"href":"https:\/\/linitiative.ca\/International\/wp-json\/wp\/v2\/users\/1742"}],"replies":[{"embeddable":true,"href":"https:\/\/linitiative.ca\/International\/wp-json\/wp\/v2\/comments?post=125093"}],"version-history":[{"count":0,"href":"https:\/\/linitiative.ca\/International\/wp-json\/wp\/v2\/posts\/125093\/revisions"}],"wp:attachment":[{"href":"https:\/\/linitiative.ca\/International\/wp-json\/wp\/v2\/media?parent=125093"}],"wp:term":[{"taxonomy":"category","embeddable":true,"href":"https:\/\/linitiative.ca\/International\/wp-json\/wp\/v2\/categories?post=125093"},{"taxonomy":"post_tag","embeddable":true,"href":"https:\/\/linitiative.ca\/International\/wp-json\/wp\/v2\/tags?post=125093"}],"curies":[{"name":"wp","href":"https:\/\/api.w.org\/{rel}","templated":true}]}}