{"id":125096,"date":"2021-08-25T05:42:48","date_gmt":"2021-08-25T09:42:48","guid":{"rendered":"https:\/\/linitiative.ca\/International\/covid-19-reunion-sur-la-falsification-de-documents-sanitaires\/"},"modified":"2021-08-25T05:42:48","modified_gmt":"2021-08-25T09:42:48","slug":"covid-19-reunion-sur-la-falsification-de-documents-sanitaires","status":"publish","type":"post","link":"https:\/\/linitiative.ca\/International\/covid-19-reunion-sur-la-falsification-de-documents-sanitaires\/","title":{"rendered":"COVID 19: R\u00e9union sur la falsification de documents sanitaires"},"content":{"rendered":"<div>\n<div style=\"margin-bottom:20px;\"><img loading=\"lazy\" decoding=\"async\" width=\"508\" height=\"300\" src=\"https:\/\/linitiative.ca\/International\/wp-content\/uploads\/sites\/23\/2021\/08\/covid-vac.jpg\" class=\"attachment-post-thumbnail size-post-thumbnail wp-post-image\" alt=\"\" srcset=\"https:\/\/linitiative.ca\/International\/wp-content\/uploads\/sites\/23\/2021\/08\/covid-vac.jpg 508w, http:\/\/www.mapmarrakech.ma\/map\/uploads\/2021\/08\/covid-vac-300x177.jpg 300w, http:\/\/www.mapmarrakech.ma\/map\/uploads\/2021\/08\/covid-vac-357x210.jpg 357w\" sizes=\"auto, (max-width: 508px) 100vw, 508px\"><\/div>\n<p>Ces actes sont passibles de poursuites p\u00e9nales car ils sont de nature criminelle mena\u00e7ant la sant\u00e9 et la vie des citoyens et compromettant la campagne nationale de vaccination qui se d\u00e9roule de mani\u00e8re satisfaisante.<\/p>\n<p>A l\u2019issue de la r\u00e9union, il a \u00e9t\u00e9 d\u00e9cid\u00e9 de limiter l\u2019acc\u00e8s au Maroc uniquement aux personnes d\u00e9tentrices d\u2019un pass-sanitaire pour les pays qui disposent de ce document et pour les autres pays, un pass-vaccinal ou un test PCR n\u00e9gatif de moins de 48h conform\u00e9ment au protocole en vigueur.<\/p>\n<p>Il a \u00e9t\u00e9 \u00e9galement d\u00e9cid\u00e9 de renforcer les contr\u00f4les \u00e0 l\u2019embarquement et \u00e0 l\u2019arriv\u00e9e au Royaume et de poursuivre en justice toute personne d\u00e9tentrice d\u2019un document sanitaire falsifi\u00e9 ou impliqu\u00e9e dans sa falsification.<\/p>\n<p>The post <a rel=\"nofollow\" href=\"http:\/\/www.mapmarrakech.ma\/fr\/covid-19-reunion-sur-la-falsification-de-documents-sanitaires\/\">COVID 19: R\u00e9union sur la falsification de documents sanitaires<\/a> appeared first on <a rel=\"nofollow\" href=\"http:\/\/www.mapmarrakech.ma\/fr\">MapMarrakech<\/a>.<\/p>\n<\/div>\n<p>Auteur: Mohammed KOURSI<br \/>\n<a href=\"http:\/\/www.mapmarrakech.ma\/fr\/covid-19-reunion-sur-la-falsification-de-documents-sanitaires\/\">Cliquez ici pour lire l&rsquo;article depuis sa source.<\/a><\/p>\n","protected":false},"excerpt":{"rendered":"<p>Ces actes sont passibles de poursuites p\u00e9nales car ils sont de nature criminelle mena\u00e7ant la sant\u00e9 et la vie des citoyens et compromettant la campagne nationale de vaccination qui se d\u00e9roule de mani\u00e8re satisfaisante. A l\u2019issue de la r\u00e9union, il a \u00e9t\u00e9 d\u00e9cid\u00e9 de limiter l\u2019acc\u00e8s au Maroc uniquement aux personnes d\u00e9tentrices d\u2019un pass-sanitaire pour [&hellip;]<\/p>\n","protected":false},"author":1788,"featured_media":0,"comment_status":"closed","ping_status":"closed","sticky":false,"template":"","format":"standard","meta":{"fifu_image_url":"http:\/\/www.mapmarrakech.ma\/map\/uploads\/2021\/08\/covid-vac.jpg","fifu_image_alt":"COVID 19: R\u00e9union sur la falsification de documents sanitaires","footnotes":""},"categories":[54,76],"tags":[],"class_list":["post-125096","post","type-post","status-publish","format-standard","hentry","category-maroc","category-regions"],"_links":{"self":[{"href":"https:\/\/linitiative.ca\/International\/wp-json\/wp\/v2\/posts\/125096","targetHints":{"allow":["GET"]}}],"collection":[{"href":"https:\/\/linitiative.ca\/International\/wp-json\/wp\/v2\/posts"}],"about":[{"href":"https:\/\/linitiative.ca\/International\/wp-json\/wp\/v2\/types\/post"}],"author":[{"embeddable":true,"href":"https:\/\/linitiative.ca\/International\/wp-json\/wp\/v2\/users\/1788"}],"replies":[{"embeddable":true,"href":"https:\/\/linitiative.ca\/International\/wp-json\/wp\/v2\/comments?post=125096"}],"version-history":[{"count":0,"href":"https:\/\/linitiative.ca\/International\/wp-json\/wp\/v2\/posts\/125096\/revisions"}],"wp:attachment":[{"href":"https:\/\/linitiative.ca\/International\/wp-json\/wp\/v2\/media?parent=125096"}],"wp:term":[{"taxonomy":"category","embeddable":true,"href":"https:\/\/linitiative.ca\/International\/wp-json\/wp\/v2\/categories?post=125096"},{"taxonomy":"post_tag","embeddable":true,"href":"https:\/\/linitiative.ca\/International\/wp-json\/wp\/v2\/tags?post=125096"}],"curies":[{"name":"wp","href":"https:\/\/api.w.org\/{rel}","templated":true}]}}