{"id":125104,"date":"2021-08-25T07:41:01","date_gmt":"2021-08-25T11:41:01","guid":{"rendered":"https:\/\/linitiative.ca\/International\/anniversaire-de-sar-la-princesse-lalla-meryem-une-action-constante-et-multiforme-en-faveur-de-la-femme-et-de-lenfant\/"},"modified":"2021-08-25T07:41:01","modified_gmt":"2021-08-25T11:41:01","slug":"anniversaire-de-sar-la-princesse-lalla-meryem-une-action-constante-et-multiforme-en-faveur-de-la-femme-et-de-lenfant","status":"publish","type":"post","link":"https:\/\/linitiative.ca\/International\/anniversaire-de-sar-la-princesse-lalla-meryem-une-action-constante-et-multiforme-en-faveur-de-la-femme-et-de-lenfant\/","title":{"rendered":"Anniversaire de SAR la Princesse Lalla Meryem : Une action constante et multiforme en faveur de la femme et de l\u2019enfant"},"content":{"rendered":"<div>\n<div style=\"margin-bottom:20px;\"><img loading=\"lazy\" decoding=\"async\" width=\"750\" height=\"430\" src=\"https:\/\/linitiative.ca\/International\/wp-content\/uploads\/sites\/23\/2021\/08\/Lalla-Meryem1.jpg\" class=\"attachment-post-thumbnail size-post-thumbnail wp-post-image\" alt=\"\" srcset=\"https:\/\/linitiative.ca\/International\/wp-content\/uploads\/sites\/23\/2021\/08\/Lalla-Meryem1.jpg 750w, http:\/\/www.mapoujda.ma\/map\/uploads\/2021\/08\/Lalla-Meryem1-300x172.jpg 300w\" sizes=\"auto, (max-width: 750px) 100vw, 750px\"><\/div>\n<div class=\"entry-content clearfix single-post-content\">\n<p style=\"text-align: justify;\">La Famille Royale et avec elle l\u2019ensemble du peuple marocain c\u00e9l\u00e8brent, jeudi, l\u2019anniversaire de Son Altesse Royale la Princesse Lalla Meryem, qui a toujours fait preuve d\u2019un engagement constant et multiforme en faveur de l\u2019\u00e9mancipation de la femme marocaine et de la d\u00e9fense des droits de l\u2019enfant.<\/p>\n<p style=\"text-align: justify;\">Cet heureux \u00e9v\u00e9nement, c\u00e9l\u00e9br\u00e9 le 26 ao\u00fbt de chaque ann\u00e9e, offre ainsi l\u2019opportunit\u00e9 aux Marocains de f\u00eater les actions exceptionnelles que m\u00e8ne Son Altesse Royale en faveur de la pr\u00e9servation des acquis de la femme et de la promotion du bien-\u00eatre des enfants, essentiellement ceux en situation difficile.<\/p>\n<p style=\"text-align: justify;\">D\u00e8s son plus jeune \u00e2ge, SAR la Princesse Lalla Meryem a occup\u00e9 de nombreuses fonctions qui rel\u00e8vent du domaine social, notamment celle de Pr\u00e9sidente des \u0153uvres sociales des Forces Arm\u00e9es Royales (FAR), poste auquel Son Altesse Royale a \u00e9t\u00e9 nomm\u00e9e en 1981 par Feu Sa Majest\u00e9 Hassan II.<\/p>\n<p style=\"text-align: justify;\">SAR la Princesse Lalla Meryem pr\u00e9side \u00e9galement la Fondation Hassan II pour les Marocains r\u00e9sidant \u00e0 l\u2019\u00e9tranger (MRE), l\u2019Union nationale des femmes marocaines (UNFM), l\u2019Observatoire national des droits de l\u2019enfant (ONDE), et l\u2019Association marocaine de soutien \u00e0 l\u2019Unicef. Elle est aussi pr\u00e9sidente d\u2019honneur de plusieurs associations oeuvrant au profit de l\u2019enfance.<\/p>\n<p style=\"text-align: justify;\">Le parcours exceptionnel de Son Altesse Royale a \u00e9t\u00e9 toujours hautement salu\u00e9 par la presse nationale et internationale et lui a valu la reconnaissance de nombreux responsables d\u2019institutions agissant en faveur des droits de l\u2019enfant.<\/p>\n<p style=\"text-align: justify;\">Ainsi, en juillet 2001, le Directeur g\u00e9n\u00e9ral de l\u2019UNESCO, Ko\u00efchiro Matsuura, a remis \u00e0 SAR la Princesse Lalla Meryem le titre d\u2019ambassadrice de bonne volont\u00e9 de cette organisation onusienne, en reconnaissance de son action inlassable en faveur de la cause des enfants et du respect de leurs droits dans le monde.<\/p>\n<p style=\"text-align: justify;\">Lors d\u2019une visite officielle au Liban durant la m\u00eame ann\u00e9e, SAR la Princesse Lalla Meryem a \u00e9t\u00e9 d\u00e9cor\u00e9e par le pr\u00e9sident libanais, Emile Lahoud, du Ouissam du Grand Cordon de m\u00e9rite national et a re\u00e7u la m\u00e9daille d\u2019or de la Fondation Hariri, distinction que l\u2019institution d\u00e9cerne \u00e0 des personnalit\u00e9s de renom dans diff\u00e9rents domaines.<\/p>\n<p style=\"text-align: justify;\">De m\u00eame, Son Altesse Royale avait re\u00e7u en mai 2010 le Prix \u00ab\u00a0Femmes Leaders Mondiales\u00a0\u00bb, une distinction internationale attribu\u00e9e par l\u2019association \u00ab\u00a0Femmes Leaders Mondiales\u00a0\u00bb \u00e0 SAR la Princesse Lalla Meryem en sa qualit\u00e9 de pr\u00e9sidente de l\u2019UNFM. Ce Prix, qui met le Royaume du Maroc \u00e0 l\u2019honneur, a \u00e9t\u00e9 remis \u00e0 SAR la Princesse en reconnaissance de son action remarquable, son sens aigu de la solidarit\u00e9 et sa mobilisation permanente pour renforcer le statut des femmes marocaines, celles du monde arabe et du continent africain pour qu\u2019elles s\u2019impliquent \u00e0 conforter le d\u00e9veloppement, l\u2019harmonie et l\u2019acc\u00e8s au progr\u00e8s.<\/p>\n<p style=\"text-align: justify;\">Pr\u00e9sidente de l\u2019UNFM, SAR la Princesse Lalla Meryem avait pr\u00e9sid\u00e9, le 08 mars 2020, au Palais Bahia \u00e0 Marrakech, la c\u00e9r\u00e9monie de c\u00e9l\u00e9bration de la Journ\u00e9e Internationale de la Femme, marqu\u00e9e par la signature de l\u2019\u00e9tat d\u2019engagement relatif \u00e0 la D\u00e9claration de Marrakech 2020, dont les parties prenantes ont pr\u00e9vu la constitution d\u2019un Conseil de suivi de la mise en \u0153uvre de ladite D\u00e9claration qui agira, entre autres, sur les m\u00e9canismes de prise en charge des victimes et la lutte contre les st\u00e9r\u00e9otypes sur les femmes, v\u00e9hicul\u00e9es dans les m\u00e9dias publics.<\/p>\n<p style=\"text-align: justify;\">Le 07 d\u00e9cembre 2019, SAR la Princesse Lalla Meryem a pr\u00e9sid\u00e9, au Th\u00e9\u00e2tre national Mohammed V \u00e0 Rabat, la c\u00e9r\u00e9monie d\u2019inauguration du Bazar international de Bienfaisance du Cercle diplomatique.<\/p>\n<p style=\"text-align: justify;\">Le 06 d\u00e9cembre 2019, SAR la Princesse pr\u00e9sidait \u00e0 la mosqu\u00e9e Lalla Soukaina \u00e0 Rabat, une veill\u00e9e religieuse en comm\u00e9moration du 21\u00e8me anniversaire de la disparition de Feu Sa Majest\u00e9 Hassan II, que Dieu ait son \u00e2me en Sa Sainte Mis\u00e9ricorde.<\/p>\n<p style=\"text-align: justify;\">SAR la Princesse Lalla Meryem, Pr\u00e9sidente de l\u2019Observatoire National des Droits de l\u2019Enfant (ONDE), avait pr\u00e9sid\u00e9 le 23 novembre 2019 \u00e0 Marrakech, la c\u00e9r\u00e9monie de cl\u00f4ture de la 16\u00e8me \u00e9dition du Congr\u00e8s National des Droits de l\u2019Enfant, qui co\u00efncidait avec la c\u00e9l\u00e9bration du 30\u00e8me anniversaire de la Convention Internationale des Droits de l\u2019Enfant (ONU).<\/p>\n<p style=\"text-align: justify;\">Cette c\u00e9r\u00e9monie, marqu\u00e9e par la signature d\u2019un engagement au Pacte National pour l\u2019enfance \u00e0 l\u2019horizon 2030, avait \u00e9galement \u00e9t\u00e9 ponctu\u00e9e par la pr\u00e9sentation sur \u00e9cran du Prix \u00ab\u00a0The United Nations Champion Generation Unlimited\u00a0\u00bb, d\u00e9cern\u00e9 par la suite \u00e0 SAR la Princesse Lalla Meryem par l\u2019ONU.<\/p>\n<p style=\"text-align: justify;\">En novembre 2019, SAR la Princesse Lalla Meryem avait pr\u00e9sid\u00e9 \u00e0 Rabat un d\u00eener offert par Sa Majest\u00e9 le Roi Mohammed VI en l\u2019honneur de Mme Ivanka Trump, Conseill\u00e8re du pr\u00e9sident am\u00e9ricain, Donald Trump, dont la visite au Royaume portait essentiellement sur la promotion de l\u2019Initiative mondiale de d\u00e9veloppement et de prosp\u00e9rit\u00e9 des femmes (W-GDP), visant \u00e0 aider \u00e0 l\u2019\u00e9mancipation \u00e9conomique de 50 millions de femmes \u00e0 l\u2019horizon 2025.<\/p>\n<\/div>\n<p>L\u2019article <a rel=\"nofollow\" href=\"http:\/\/www.mapoujda.ma\/fr\/anniversaire-de-sar-la-princesse-lalla-meryem-une-action-constante-et-multiforme-en-faveur-de-la-femme-et-de-lenfant\/\">Anniversaire de SAR la Princesse Lalla Meryem : Une action constante et multiforme en faveur de la femme et de l\u2019enfant<\/a> est apparu en premier sur <a rel=\"nofollow\" href=\"http:\/\/www.mapoujda.ma\/fr\">MapOujda<\/a>.<\/p>\n<\/div>\n<p>Auteur: Soufiane ELAHMAR<br \/>\n<a href=\"http:\/\/www.mapoujda.ma\/fr\/anniversaire-de-sar-la-princesse-lalla-meryem-une-action-constante-et-multiforme-en-faveur-de-la-femme-et-de-lenfant\/\">Cliquez ici pour lire l&rsquo;article depuis sa source.<\/a><\/p>\n","protected":false},"excerpt":{"rendered":"<p>La Famille Royale et avec elle l\u2019ensemble du peuple marocain c\u00e9l\u00e8brent, jeudi, l\u2019anniversaire de Son Altesse Royale la Princesse Lalla Meryem, qui a toujours fait preuve d\u2019un engagement constant et multiforme en faveur de l\u2019\u00e9mancipation de la femme marocaine et de la d\u00e9fense des droits de l\u2019enfant. Cet heureux \u00e9v\u00e9nement, c\u00e9l\u00e9br\u00e9 le 26 ao\u00fbt de [&hellip;]<\/p>\n","protected":false},"author":1788,"featured_media":0,"comment_status":"closed","ping_status":"closed","sticky":false,"template":"","format":"standard","meta":{"fifu_image_url":"http:\/\/www.mapoujda.ma\/map\/uploads\/2021\/08\/Lalla-Meryem1.jpg","fifu_image_alt":"Anniversaire de SAR la Princesse Lalla Meryem : Une action constante et multiforme en faveur de la femme et de l\u2019enfant","footnotes":""},"categories":[54,76],"tags":[],"class_list":["post-125104","post","type-post","status-publish","format-standard","hentry","category-maroc","category-regions"],"_links":{"self":[{"href":"https:\/\/linitiative.ca\/International\/wp-json\/wp\/v2\/posts\/125104","targetHints":{"allow":["GET"]}}],"collection":[{"href":"https:\/\/linitiative.ca\/International\/wp-json\/wp\/v2\/posts"}],"about":[{"href":"https:\/\/linitiative.ca\/International\/wp-json\/wp\/v2\/types\/post"}],"author":[{"embeddable":true,"href":"https:\/\/linitiative.ca\/International\/wp-json\/wp\/v2\/users\/1788"}],"replies":[{"embeddable":true,"href":"https:\/\/linitiative.ca\/International\/wp-json\/wp\/v2\/comments?post=125104"}],"version-history":[{"count":0,"href":"https:\/\/linitiative.ca\/International\/wp-json\/wp\/v2\/posts\/125104\/revisions"}],"wp:attachment":[{"href":"https:\/\/linitiative.ca\/International\/wp-json\/wp\/v2\/media?parent=125104"}],"wp:term":[{"taxonomy":"category","embeddable":true,"href":"https:\/\/linitiative.ca\/International\/wp-json\/wp\/v2\/categories?post=125104"},{"taxonomy":"post_tag","embeddable":true,"href":"https:\/\/linitiative.ca\/International\/wp-json\/wp\/v2\/tags?post=125104"}],"curies":[{"name":"wp","href":"https:\/\/api.w.org\/{rel}","templated":true}]}}