{"id":125112,"date":"2021-08-25T08:58:29","date_gmt":"2021-08-25T12:58:29","guid":{"rendered":"https:\/\/linitiative.ca\/International\/maroc-algerie-paris-appelle-au-dialogue\/"},"modified":"2021-08-25T08:58:29","modified_gmt":"2021-08-25T12:58:29","slug":"maroc-algerie-paris-appelle-au-dialogue","status":"publish","type":"post","link":"https:\/\/linitiative.ca\/International\/maroc-algerie-paris-appelle-au-dialogue\/","title":{"rendered":"Maroc &#8211; Alg\u00e9rie: Paris appelle au dialogue"},"content":{"rendered":"<div>\n<div class=\"field field-name-body field-type-text-with-summary field-label-hidden\">\n<div class=\"field-items\">\n<div class=\"field-item even\" property=\"content:encoded\">\n<p class=\"rtejustify\">Paris a appel\u00e9 mercredi l&rsquo;Alg\u00e9rie, qui a rompu la veille ses relations diplomatiques avec le Maroc, et le Royaume \u00e0 revenir \u00e0 une logique de \u00ab\u00a0dialogue\u00a0\u00bb dans l&rsquo;int\u00e9r\u00eat de la \u00ab\u00a0stabilit\u00e9\u00a0\u00bb au Maghreb.<\/p>\n<p class=\"rtejustify\">\u00ab\u00a0La France reste naturellement attach\u00e9e \u00e0 l&rsquo;approfondissement des liens et au dialogue entre les pays de la r\u00e9gion, pour en consolider la stabilit\u00e9 et la prosp\u00e9rit\u00e9\u00a0\u00bb, a d\u00e9clar\u00e9 le porte-parole adjoint du minist\u00e8re fran\u00e7ais des Affaires \u00e9trang\u00e8res dans un communiqu\u00e9.<\/p>\n<\/div>\n<\/div>\n<\/div>\n<\/div>\n<p>Auteur: hgueye<br \/>\n<a href=\"https:\/\/www.leconomiste.com\/flash-infos\/maroc-algerie-paris-appelle-au-dialogue\">Cliquez ici pour lire l&rsquo;article depuis sa source.<\/a><\/p>\n","protected":false},"excerpt":{"rendered":"<p>Paris a appel\u00e9 mercredi l&rsquo;Alg\u00e9rie, qui a rompu la veille ses relations diplomatiques avec le Maroc, et le Royaume \u00e0 revenir \u00e0 une logique de \u00ab\u00a0dialogue\u00a0\u00bb dans l&rsquo;int\u00e9r\u00eat de la \u00ab\u00a0stabilit\u00e9\u00a0\u00bb au Maghreb. \u00ab\u00a0La France reste naturellement attach\u00e9e \u00e0 l&rsquo;approfondissement des liens et au dialogue entre les pays de la r\u00e9gion, pour en consolider la [&hellip;]<\/p>\n","protected":false},"author":1763,"featured_media":0,"comment_status":"closed","ping_status":"closed","sticky":false,"template":"","format":"standard","meta":{"fifu_image_url":"","fifu_image_alt":"","footnotes":""},"categories":[78,54],"tags":[],"class_list":["post-125112","post","type-post","status-publish","format-standard","hentry","category-economie","category-maroc"],"_links":{"self":[{"href":"https:\/\/linitiative.ca\/International\/wp-json\/wp\/v2\/posts\/125112","targetHints":{"allow":["GET"]}}],"collection":[{"href":"https:\/\/linitiative.ca\/International\/wp-json\/wp\/v2\/posts"}],"about":[{"href":"https:\/\/linitiative.ca\/International\/wp-json\/wp\/v2\/types\/post"}],"author":[{"embeddable":true,"href":"https:\/\/linitiative.ca\/International\/wp-json\/wp\/v2\/users\/1763"}],"replies":[{"embeddable":true,"href":"https:\/\/linitiative.ca\/International\/wp-json\/wp\/v2\/comments?post=125112"}],"version-history":[{"count":0,"href":"https:\/\/linitiative.ca\/International\/wp-json\/wp\/v2\/posts\/125112\/revisions"}],"wp:attachment":[{"href":"https:\/\/linitiative.ca\/International\/wp-json\/wp\/v2\/media?parent=125112"}],"wp:term":[{"taxonomy":"category","embeddable":true,"href":"https:\/\/linitiative.ca\/International\/wp-json\/wp\/v2\/categories?post=125112"},{"taxonomy":"post_tag","embeddable":true,"href":"https:\/\/linitiative.ca\/International\/wp-json\/wp\/v2\/tags?post=125112"}],"curies":[{"name":"wp","href":"https:\/\/api.w.org\/{rel}","templated":true}]}}