{"id":125113,"date":"2021-08-25T10:00:49","date_gmt":"2021-08-25T14:00:49","guid":{"rendered":"https:\/\/linitiative.ca\/International\/snep-la-suspension-des-livraisons-doxygene-prolongee\/"},"modified":"2021-08-25T10:00:49","modified_gmt":"2021-08-25T14:00:49","slug":"snep-la-suspension-des-livraisons-doxygene-prolongee","status":"publish","type":"post","link":"https:\/\/linitiative.ca\/International\/snep-la-suspension-des-livraisons-doxygene-prolongee\/","title":{"rendered":"SNEP: La suspension des livraisons d&rsquo;oxyg\u00e8ne prolong\u00e9e"},"content":{"rendered":"<div>\n<div class=\"field field-name-body field-type-text-with-summary field-label-hidden\">\n<div class=\"field-items\">\n<div class=\"field-item even\" property=\"content:encoded\">\n<p class=\"rtejustify\">La suspension des livraisons d&rsquo;oxyg\u00e8ne qui touche la SNEP (Soci\u00e9t\u00e9 nationale d&rsquo;\u00e9lectrolyse et de p\u00e9trochimie) se prolonge, suite \u00e0\u00a0une d\u00e9cision du minist\u00e8re de l\u2019Industrie, du Commerce et des Nouvelles Technologies dat\u00e9e du 23 ao\u00fbt dernier.<\/p>\n<\/div>\n<\/div>\n<\/div>\n<\/div>\n<p>Auteur: hgueye<br \/>\n<a href=\"https:\/\/www.leconomiste.com\/flash-infos\/snep-la-suspension-des-livraisons-d-oxygene-prolongee\">Cliquez ici pour lire l&rsquo;article depuis sa source.<\/a><\/p>\n","protected":false},"excerpt":{"rendered":"<p>La suspension des livraisons d&rsquo;oxyg\u00e8ne qui touche la SNEP (Soci\u00e9t\u00e9 nationale d&rsquo;\u00e9lectrolyse et de p\u00e9trochimie) se prolonge, suite \u00e0\u00a0une d\u00e9cision du minist\u00e8re de l\u2019Industrie, du Commerce et des Nouvelles Technologies dat\u00e9e du 23 ao\u00fbt dernier. Auteur: hgueye Cliquez ici pour lire l&rsquo;article depuis sa source.<\/p>\n","protected":false},"author":1763,"featured_media":0,"comment_status":"closed","ping_status":"closed","sticky":false,"template":"","format":"standard","meta":{"fifu_image_url":"","fifu_image_alt":"","footnotes":""},"categories":[78,54],"tags":[],"class_list":["post-125113","post","type-post","status-publish","format-standard","hentry","category-economie","category-maroc"],"_links":{"self":[{"href":"https:\/\/linitiative.ca\/International\/wp-json\/wp\/v2\/posts\/125113","targetHints":{"allow":["GET"]}}],"collection":[{"href":"https:\/\/linitiative.ca\/International\/wp-json\/wp\/v2\/posts"}],"about":[{"href":"https:\/\/linitiative.ca\/International\/wp-json\/wp\/v2\/types\/post"}],"author":[{"embeddable":true,"href":"https:\/\/linitiative.ca\/International\/wp-json\/wp\/v2\/users\/1763"}],"replies":[{"embeddable":true,"href":"https:\/\/linitiative.ca\/International\/wp-json\/wp\/v2\/comments?post=125113"}],"version-history":[{"count":0,"href":"https:\/\/linitiative.ca\/International\/wp-json\/wp\/v2\/posts\/125113\/revisions"}],"wp:attachment":[{"href":"https:\/\/linitiative.ca\/International\/wp-json\/wp\/v2\/media?parent=125113"}],"wp:term":[{"taxonomy":"category","embeddable":true,"href":"https:\/\/linitiative.ca\/International\/wp-json\/wp\/v2\/categories?post=125113"},{"taxonomy":"post_tag","embeddable":true,"href":"https:\/\/linitiative.ca\/International\/wp-json\/wp\/v2\/tags?post=125113"}],"curies":[{"name":"wp","href":"https:\/\/api.w.org\/{rel}","templated":true}]}}