{"id":125117,"date":"2021-08-25T03:38:00","date_gmt":"2021-08-25T07:38:00","guid":{"rendered":"https:\/\/linitiative.ca\/International\/marseille-negocie-avec-naples-pour-adam-ounas\/"},"modified":"2021-08-25T03:38:00","modified_gmt":"2021-08-25T07:38:00","slug":"marseille-negocie-avec-naples-pour-adam-ounas","status":"publish","type":"post","link":"https:\/\/linitiative.ca\/International\/marseille-negocie-avec-naples-pour-adam-ounas\/","title":{"rendered":"Marseille n\u00e9gocie avec Naples pour Adam Ounas"},"content":{"rendered":"<div>Entr\u00e9 dans la derni\u00e8re ann\u00e9e de son contrat avec le Napoli, Adam Ounas sort de trois saisons o\u00f9 il a \u00e9t\u00e9 pr\u00eat\u00e9 \u00e0 Nice, puis Cagliari et enfin \u00e0 Crotone lors du mercato d\u2019hiver 2021<img loading=\"lazy\" decoding=\"async\" src=\"http:\/\/feeds.feedburner.com\/~r\/GalerieFArtciles\/~4\/IHCa5Lo_pk4\" height=\"1\" width=\"1\" alt=\"\"><\/div>\n<p>Auteur:<br \/>\n<a href=\"http:\/\/www.lebuteur.com\/article\/detail?titre=marseille-negocie-avec-naples-pour-adam-ounas&#038;id=100934&#038;utm_source=feedburner&#038;utm_medium=feed&#038;utm_campaign=Feed%3A+GalerieFArtciles+%28Les+derniers+articles++-+lebuteur.com%29\">Cliquez ici pour lire l&rsquo;article depuis sa source.<\/a><\/p>\n","protected":false},"excerpt":{"rendered":"<p>Entr\u00e9 dans la derni\u00e8re ann\u00e9e de son contrat avec le Napoli, Adam Ounas sort de trois saisons o\u00f9 il a \u00e9t\u00e9 pr\u00eat\u00e9 \u00e0 Nice, puis Cagliari et enfin \u00e0 Crotone lors du mercato d\u2019hiver 2021 Auteur: Cliquez ici pour lire l&rsquo;article depuis sa source.<\/p>\n","protected":false},"author":1738,"featured_media":0,"comment_status":"closed","ping_status":"closed","sticky":false,"template":"","format":"standard","meta":{"fifu_image_url":"http:\/\/feeds.feedburner.com\/~r\/GalerieFArtciles\/~4\/IHCa5Lo_pk4","fifu_image_alt":"Marseille n\u00e9gocie avec Naples pour Adam Ounas","footnotes":""},"categories":[53,75],"tags":[],"class_list":["post-125117","post","type-post","status-publish","format-standard","hentry","category-algerie","category-sport"],"_links":{"self":[{"href":"https:\/\/linitiative.ca\/International\/wp-json\/wp\/v2\/posts\/125117","targetHints":{"allow":["GET"]}}],"collection":[{"href":"https:\/\/linitiative.ca\/International\/wp-json\/wp\/v2\/posts"}],"about":[{"href":"https:\/\/linitiative.ca\/International\/wp-json\/wp\/v2\/types\/post"}],"author":[{"embeddable":true,"href":"https:\/\/linitiative.ca\/International\/wp-json\/wp\/v2\/users\/1738"}],"replies":[{"embeddable":true,"href":"https:\/\/linitiative.ca\/International\/wp-json\/wp\/v2\/comments?post=125117"}],"version-history":[{"count":0,"href":"https:\/\/linitiative.ca\/International\/wp-json\/wp\/v2\/posts\/125117\/revisions"}],"wp:attachment":[{"href":"https:\/\/linitiative.ca\/International\/wp-json\/wp\/v2\/media?parent=125117"}],"wp:term":[{"taxonomy":"category","embeddable":true,"href":"https:\/\/linitiative.ca\/International\/wp-json\/wp\/v2\/categories?post=125117"},{"taxonomy":"post_tag","embeddable":true,"href":"https:\/\/linitiative.ca\/International\/wp-json\/wp\/v2\/tags?post=125117"}],"curies":[{"name":"wp","href":"https:\/\/api.w.org\/{rel}","templated":true}]}}