{"id":125118,"date":"2021-08-25T07:51:00","date_gmt":"2021-08-25T11:51:00","guid":{"rendered":"https:\/\/linitiative.ca\/International\/tottenham-harry-kane-met-fin-au-suspense-sur-son-avenir\/"},"modified":"2021-08-25T07:51:00","modified_gmt":"2021-08-25T11:51:00","slug":"tottenham-harry-kane-met-fin-au-suspense-sur-son-avenir","status":"publish","type":"post","link":"https:\/\/linitiative.ca\/International\/tottenham-harry-kane-met-fin-au-suspense-sur-son-avenir\/","title":{"rendered":"Tottenham : Harry Kane met fin au suspense sur son avenir"},"content":{"rendered":"<div>Sur les r\u00e9seaux sociaux, l&rsquo;attaquant anglais a confirm\u00e9 son intention de rester \u00e0 Tottenham<img loading=\"lazy\" decoding=\"async\" src=\"http:\/\/feeds.feedburner.com\/~r\/GalerieFArtciles\/~4\/O32M2VfiQMY\" height=\"1\" width=\"1\" alt=\"\"><\/div>\n<p>Auteur:<br \/>\n<a href=\"http:\/\/www.lebuteur.com\/article\/detail?titre=tottenham-harry-kane-met-fin-au-suspense-sur-son-avenir&#038;id=100935&#038;utm_source=feedburner&#038;utm_medium=feed&#038;utm_campaign=Feed%3A+GalerieFArtciles+%28Les+derniers+articles++-+lebuteur.com%29\">Cliquez ici pour lire l&rsquo;article depuis sa source.<\/a><\/p>\n","protected":false},"excerpt":{"rendered":"<p>Sur les r\u00e9seaux sociaux, l&rsquo;attaquant anglais a confirm\u00e9 son intention de rester \u00e0 Tottenham Auteur: Cliquez ici pour lire l&rsquo;article depuis sa source.<\/p>\n","protected":false},"author":1738,"featured_media":0,"comment_status":"closed","ping_status":"closed","sticky":false,"template":"","format":"standard","meta":{"fifu_image_url":"http:\/\/feeds.feedburner.com\/~r\/GalerieFArtciles\/~4\/O32M2VfiQMY","fifu_image_alt":"Tottenham : Harry Kane met fin au suspense sur son avenir","footnotes":""},"categories":[53,75],"tags":[],"class_list":["post-125118","post","type-post","status-publish","format-standard","hentry","category-algerie","category-sport"],"_links":{"self":[{"href":"https:\/\/linitiative.ca\/International\/wp-json\/wp\/v2\/posts\/125118","targetHints":{"allow":["GET"]}}],"collection":[{"href":"https:\/\/linitiative.ca\/International\/wp-json\/wp\/v2\/posts"}],"about":[{"href":"https:\/\/linitiative.ca\/International\/wp-json\/wp\/v2\/types\/post"}],"author":[{"embeddable":true,"href":"https:\/\/linitiative.ca\/International\/wp-json\/wp\/v2\/users\/1738"}],"replies":[{"embeddable":true,"href":"https:\/\/linitiative.ca\/International\/wp-json\/wp\/v2\/comments?post=125118"}],"version-history":[{"count":0,"href":"https:\/\/linitiative.ca\/International\/wp-json\/wp\/v2\/posts\/125118\/revisions"}],"wp:attachment":[{"href":"https:\/\/linitiative.ca\/International\/wp-json\/wp\/v2\/media?parent=125118"}],"wp:term":[{"taxonomy":"category","embeddable":true,"href":"https:\/\/linitiative.ca\/International\/wp-json\/wp\/v2\/categories?post=125118"},{"taxonomy":"post_tag","embeddable":true,"href":"https:\/\/linitiative.ca\/International\/wp-json\/wp\/v2\/tags?post=125118"}],"curies":[{"name":"wp","href":"https:\/\/api.w.org\/{rel}","templated":true}]}}