{"id":125121,"date":"2021-08-25T10:23:00","date_gmt":"2021-08-25T14:23:00","guid":{"rendered":"https:\/\/linitiative.ca\/International\/lasam-rejoint-lusmba-le-cabba-et-la-jsms-en-ligue-2\/"},"modified":"2021-08-25T10:23:00","modified_gmt":"2021-08-25T14:23:00","slug":"lasam-rejoint-lusmba-le-cabba-et-la-jsms-en-ligue-2","status":"publish","type":"post","link":"https:\/\/linitiative.ca\/International\/lasam-rejoint-lusmba-le-cabba-et-la-jsms-en-ligue-2\/","title":{"rendered":"L\u2019ASAM rejoint l&rsquo;USMBA, le CABBA et la JSMS en Ligue 2"},"content":{"rendered":"<div>La 38e et derni\u00e8re journ\u00e9e du Championnat de Ligue 1 de football, disput\u00e9e mardi, a \u00e9t\u00e9 marqu\u00e9e par la rel\u00e9gation de l\u2019AS Ain M\u2019lila en Ligue 2&#8230;<img loading=\"lazy\" decoding=\"async\" src=\"http:\/\/feeds.feedburner.com\/~r\/GalerieFArtciles\/~4\/E9Z8r7cF8b0\" height=\"1\" width=\"1\" alt=\"\"><\/div>\n<p>Auteur:<br \/>\n<a href=\"http:\/\/www.lebuteur.com\/article\/detail?titre=lasam-rejoint-lusmba-le-cabba-et-la-jsms-en-ligue-2&#038;id=100938&#038;utm_source=feedburner&#038;utm_medium=feed&#038;utm_campaign=Feed%3A+GalerieFArtciles+%28Les+derniers+articles++-+lebuteur.com%29\">Cliquez ici pour lire l&rsquo;article depuis sa source.<\/a><\/p>\n","protected":false},"excerpt":{"rendered":"<p>La 38e et derni\u00e8re journ\u00e9e du Championnat de Ligue 1 de football, disput\u00e9e mardi, a \u00e9t\u00e9 marqu\u00e9e par la rel\u00e9gation de l\u2019AS Ain M\u2019lila en Ligue 2&#8230; Auteur: Cliquez ici pour lire l&rsquo;article depuis sa source.<\/p>\n","protected":false},"author":1738,"featured_media":0,"comment_status":"closed","ping_status":"closed","sticky":false,"template":"","format":"standard","meta":{"fifu_image_url":"http:\/\/feeds.feedburner.com\/~r\/GalerieFArtciles\/~4\/E9Z8r7cF8b0","fifu_image_alt":"<div>L\u2019ASAM rejoint l'USMBA, le CABBA et la JSMS en Ligue 2<\/div>","footnotes":""},"categories":[53,75],"tags":[],"class_list":["post-125121","post","type-post","status-publish","format-standard","hentry","category-algerie","category-sport"],"_links":{"self":[{"href":"https:\/\/linitiative.ca\/International\/wp-json\/wp\/v2\/posts\/125121","targetHints":{"allow":["GET"]}}],"collection":[{"href":"https:\/\/linitiative.ca\/International\/wp-json\/wp\/v2\/posts"}],"about":[{"href":"https:\/\/linitiative.ca\/International\/wp-json\/wp\/v2\/types\/post"}],"author":[{"embeddable":true,"href":"https:\/\/linitiative.ca\/International\/wp-json\/wp\/v2\/users\/1738"}],"replies":[{"embeddable":true,"href":"https:\/\/linitiative.ca\/International\/wp-json\/wp\/v2\/comments?post=125121"}],"version-history":[{"count":0,"href":"https:\/\/linitiative.ca\/International\/wp-json\/wp\/v2\/posts\/125121\/revisions"}],"wp:attachment":[{"href":"https:\/\/linitiative.ca\/International\/wp-json\/wp\/v2\/media?parent=125121"}],"wp:term":[{"taxonomy":"category","embeddable":true,"href":"https:\/\/linitiative.ca\/International\/wp-json\/wp\/v2\/categories?post=125121"},{"taxonomy":"post_tag","embeddable":true,"href":"https:\/\/linitiative.ca\/International\/wp-json\/wp\/v2\/tags?post=125121"}],"curies":[{"name":"wp","href":"https:\/\/api.w.org\/{rel}","templated":true}]}}