{"id":125122,"date":"2021-08-25T06:35:57","date_gmt":"2021-08-25T10:35:57","guid":{"rendered":"https:\/\/linitiative.ca\/International\/les-presentations-par-groupe-de-suspects-se-poursuivent\/"},"modified":"2021-08-25T06:35:57","modified_gmt":"2021-08-25T10:35:57","slug":"les-presentations-par-groupe-de-suspects-se-poursuivent","status":"publish","type":"post","link":"https:\/\/linitiative.ca\/International\/les-presentations-par-groupe-de-suspects-se-poursuivent\/","title":{"rendered":"Les pr\u00e9sentations par groupe de suspects se poursuivent"},"content":{"rendered":"<div>\n<div class=\"sriret\"><img decoding=\"async\" src=\"https:\/\/linitiative.ca\/International\/wp-content\/uploads\/sites\/23\/2021\/08\/default-picture-709x366_c-56.jpg\"><\/div>\n<p class=\"p1\"><span class=\"s1\"><b>E<\/b><\/span><span class=\"s1\">ntam\u00e9e t\u00f4t dans la matin\u00e9e de lundi dernier, la comparution devant le tribunal de Sidi M\u2019hamed, \u00e0 Alger, du premier groupe de 23 suspects, sur les 92 impliqu\u00e9s dans l\u2019ignoble assassinat de Djamel Bensma\u00efl, le 11 ao\u00fbt, \u00e0 Larba\u00e2 Nath Irathen, wilaya de Tizi Ouzou, devant le tribunal de Sidi M\u2019hamed, s\u2019est poursuivie hier, jusqu\u2019en fin de journ\u00e9e. <\/span><\/p>\n<p class=\"p1\"><span class=\"s1\">Les 23 suspects ont \u00e9t\u00e9 identifi\u00e9s \u00e0 partir des enregistrements vid\u00e9o ayant immortalis\u00e9 les \u00e9v\u00e9nements qui ont abouti \u00e0 l\u2019horrible assassinat, depuis l\u2019interception du v\u00e9hicule, une Clio Campus, jusqu\u2019au moment o\u00f9 le corps du d\u00e9funt a \u00e9t\u00e9<b> <\/b>br\u00fbl\u00e9, en passant par les deux coups de couteau qu\u2019il a re\u00e7us, alors qu\u2019il se trouvait dans le fourgon de police, et son lynchage par une foule hyst\u00e9rique, au moment o\u00f9 il \u00e9tait tra\u00een\u00e9 par terre sur plusieurs centaines de m\u00e8tres.<\/span><\/p>\n<p>*Retrouvez l\u2019inte\u0301gralite\u0301 de nos articles sur la version papier<\/p>\n<p>L\u2019article <a rel=\"nofollow\" href=\"https:\/\/www.elwatan.com\/edition\/actualite\/les-presentations-par-groupe-de-suspects-se-poursuivent-25-08-2021\">Les pr\u00e9sentations par groupe de suspects se poursuivent<\/a> est apparu en premier sur <a rel=\"nofollow\" href=\"https:\/\/www.elwatan.com\/\">El Watan<\/a>.<\/p>\n<\/div>\n<p>Auteur: Hicham Chouadria<br \/>\n<a href=\"https:\/\/www.elwatan.com\/edition\/actualite\/les-presentations-par-groupe-de-suspects-se-poursuivent-25-08-2021\">Cliquez ici pour lire l&rsquo;article depuis sa source.<\/a><\/p>\n","protected":false},"excerpt":{"rendered":"<p>Entam\u00e9e t\u00f4t dans la matin\u00e9e de lundi dernier, la comparution devant le tribunal de Sidi M\u2019hamed, \u00e0 Alger, du premier groupe de 23 suspects, sur les 92 impliqu\u00e9s dans l\u2019ignoble assassinat de Djamel Bensma\u00efl, le 11 ao\u00fbt, \u00e0 Larba\u00e2 Nath Irathen, wilaya de Tizi Ouzou, devant le tribunal de Sidi M\u2019hamed, s\u2019est poursuivie hier, jusqu\u2019en [&hellip;]<\/p>\n","protected":false},"author":1743,"featured_media":0,"comment_status":"closed","ping_status":"closed","sticky":false,"template":"","format":"standard","meta":{"fifu_image_url":"https:\/\/www.elwatan.com\/wp-content\/themes\/spectr\/img\/default-picture-709x366_c.jpg","fifu_image_alt":"Les pr\u00e9sentations par groupe de suspects se poursuivent","footnotes":""},"categories":[73,53],"tags":[],"class_list":["post-125122","post","type-post","status-publish","format-standard","hentry","category-actualite","category-algerie"],"_links":{"self":[{"href":"https:\/\/linitiative.ca\/International\/wp-json\/wp\/v2\/posts\/125122","targetHints":{"allow":["GET"]}}],"collection":[{"href":"https:\/\/linitiative.ca\/International\/wp-json\/wp\/v2\/posts"}],"about":[{"href":"https:\/\/linitiative.ca\/International\/wp-json\/wp\/v2\/types\/post"}],"author":[{"embeddable":true,"href":"https:\/\/linitiative.ca\/International\/wp-json\/wp\/v2\/users\/1743"}],"replies":[{"embeddable":true,"href":"https:\/\/linitiative.ca\/International\/wp-json\/wp\/v2\/comments?post=125122"}],"version-history":[{"count":0,"href":"https:\/\/linitiative.ca\/International\/wp-json\/wp\/v2\/posts\/125122\/revisions"}],"wp:attachment":[{"href":"https:\/\/linitiative.ca\/International\/wp-json\/wp\/v2\/media?parent=125122"}],"wp:term":[{"taxonomy":"category","embeddable":true,"href":"https:\/\/linitiative.ca\/International\/wp-json\/wp\/v2\/categories?post=125122"},{"taxonomy":"post_tag","embeddable":true,"href":"https:\/\/linitiative.ca\/International\/wp-json\/wp\/v2\/tags?post=125122"}],"curies":[{"name":"wp","href":"https:\/\/api.w.org\/{rel}","templated":true}]}}