{"id":125126,"date":"2021-08-25T11:53:38","date_gmt":"2021-08-25T15:53:38","guid":{"rendered":"https:\/\/linitiative.ca\/International\/batna-incendie-a-la-minoterie-principale-darris-protection-civile\/"},"modified":"2021-08-25T11:53:38","modified_gmt":"2021-08-25T15:53:38","slug":"batna-incendie-a-la-minoterie-principale-darris-protection-civile","status":"publish","type":"post","link":"https:\/\/linitiative.ca\/International\/batna-incendie-a-la-minoterie-principale-darris-protection-civile\/","title":{"rendered":"Batna : incendie \u00e0 la minoterie principale d\u2019Arris (Protection civile)"},"content":{"rendered":"<div>\n<div class=\"sriret\"><img decoding=\"async\" src=\"https:\/\/linitiative.ca\/International\/wp-content\/uploads\/sites\/23\/2021\/08\/default-picture-709x366_c-57.jpg\"><\/div>\n<p>La minoterie principale de transformation et traitement des c\u00e9r\u00e9ales d\u2019Arris (Batna) a \u00e9t\u00e9 endommag\u00e9e dans un incendie qui s\u2019est d\u00e9clar\u00e9 mercredi 25 ao\u00fbt \u00e0 l\u2019unit\u00e9 publique de production de farine et de semoule, selon un bilan pr\u00e9liminaire de la protection civile.<\/p>\n<p>Le m\u00eame bilan rel\u00e8ve que les unit\u00e9s de la Protection civile, d\u00e9p\u00each\u00e9es sur les lieux, sont parvenues \u00e0 prot\u00e9ger des flammes les entrep\u00f4ts de stockage et le pavillon administratif de la m\u00eame unit\u00e9.\u00a0 L\u2019incendie a \u00e9t\u00e9 ma\u00eetris\u00e9 et les efforts sont d\u00e9ploy\u00e9s pour une extinction totale des flammes a indiqu\u00e9 \u00e0 l\u2019APS, le directeur local par int\u00e9rim de la protection civile, le capitaine Abdelmadjid Messaoudane, qui a expliqu\u00e9 que l\u2019op\u00e9ration d\u2019extinction des feux est en phase de ventilation, de\u00a0\u00a0 refroidissement et de contr\u00f4le des zones incendi\u00e9es. Le m\u00eame responsable a ajout\u00e9 que les causes de l\u2019incendie sont dues, selon les donn\u00e9es pr\u00e9liminaires, \u00e0 une \u00e9tincelle \u00e9lectrique, et que les enqu\u00eates se poursuivent par les autorit\u00e9s comp\u00e9tentes. Les services de la Protection civile sont intervenus depuis six heures du matin avec 6 unit\u00e9s d\u2019Arris, Menaa, T\u2019kout, Timgad, Chemora et l\u2019unit\u00e9 principale, mobilisant 10 engins d\u2019intervention et plus de 40 \u00e9l\u00e9ments de diff\u00e9rents grades pour \u00e9teindre l\u2019incendie qui s\u2019est d\u00e9clar\u00e9 dans les Moulins des Aur\u00e8s. Le wali de Batna, Toufik Mezhoud, s\u2019est d\u00e9plac\u00e9 sur les lieux pour s\u2019enqu\u00e9rir de l\u2019op\u00e9ration d\u2019extinction de l\u2019incendie, selon la page officielle des services de la wilaya sur le r\u00e9seau social Facebook, soulignant que le chef de l\u2019ex\u00e9cutif local a affirm\u00e9 qu\u2019au cours de l\u2019arr\u00eat d\u2019activit\u00e9 de l\u2019unit\u00e9 d\u2019Arris, les 1200 quintaux de farine et semoule, produits par jour, seront assur\u00e9es \u00e0 partir des minoteries des Ziban de la wilaya de Biskra ou d\u2019autres minoteries \u00e0 travers le pays.<\/p>\n<p>L\u2019article <a rel=\"nofollow\" href=\"https:\/\/www.elwatan.com\/regions\/batna-incendie-a-la-minoterie-principale-darris-protection-civile-25-08-2021\">Batna : incendie \u00e0 la minoterie principale d\u2019Arris (Protection civile)<\/a> est apparu en premier sur <a rel=\"nofollow\" href=\"https:\/\/www.elwatan.com\/\">El Watan<\/a>.<\/p>\n<\/div>\n<p>Auteur: Abdelghani Aichoun<br \/>\n<a href=\"https:\/\/www.elwatan.com\/regions\/batna-incendie-a-la-minoterie-principale-darris-protection-civile-25-08-2021\">Cliquez ici pour lire l&rsquo;article depuis sa source.<\/a><\/p>\n","protected":false},"excerpt":{"rendered":"<p>La minoterie principale de transformation et traitement des c\u00e9r\u00e9ales d\u2019Arris (Batna) a \u00e9t\u00e9 endommag\u00e9e dans un incendie qui s\u2019est d\u00e9clar\u00e9 mercredi 25 ao\u00fbt \u00e0 l\u2019unit\u00e9 publique de production de farine et de semoule, selon un bilan pr\u00e9liminaire de la protection civile. Le m\u00eame bilan rel\u00e8ve que les unit\u00e9s de la Protection civile, d\u00e9p\u00each\u00e9es sur les [&hellip;]<\/p>\n","protected":false},"author":1743,"featured_media":0,"comment_status":"closed","ping_status":"closed","sticky":false,"template":"","format":"standard","meta":{"fifu_image_url":"https:\/\/www.elwatan.com\/wp-content\/themes\/spectr\/img\/default-picture-709x366_c.jpg","fifu_image_alt":"Batna : incendie \u00e0 la minoterie principale d\u2019Arris (Protection civile)","footnotes":""},"categories":[73,53],"tags":[],"class_list":["post-125126","post","type-post","status-publish","format-standard","hentry","category-actualite","category-algerie"],"_links":{"self":[{"href":"https:\/\/linitiative.ca\/International\/wp-json\/wp\/v2\/posts\/125126","targetHints":{"allow":["GET"]}}],"collection":[{"href":"https:\/\/linitiative.ca\/International\/wp-json\/wp\/v2\/posts"}],"about":[{"href":"https:\/\/linitiative.ca\/International\/wp-json\/wp\/v2\/types\/post"}],"author":[{"embeddable":true,"href":"https:\/\/linitiative.ca\/International\/wp-json\/wp\/v2\/users\/1743"}],"replies":[{"embeddable":true,"href":"https:\/\/linitiative.ca\/International\/wp-json\/wp\/v2\/comments?post=125126"}],"version-history":[{"count":0,"href":"https:\/\/linitiative.ca\/International\/wp-json\/wp\/v2\/posts\/125126\/revisions"}],"wp:attachment":[{"href":"https:\/\/linitiative.ca\/International\/wp-json\/wp\/v2\/media?parent=125126"}],"wp:term":[{"taxonomy":"category","embeddable":true,"href":"https:\/\/linitiative.ca\/International\/wp-json\/wp\/v2\/categories?post=125126"},{"taxonomy":"post_tag","embeddable":true,"href":"https:\/\/linitiative.ca\/International\/wp-json\/wp\/v2\/tags?post=125126"}],"curies":[{"name":"wp","href":"https:\/\/api.w.org\/{rel}","templated":true}]}}