{"id":125128,"date":"2021-08-25T12:10:04","date_gmt":"2021-08-25T16:10:04","guid":{"rendered":"https:\/\/linitiative.ca\/International\/une-delegation-de-notables-de-larbaa-nath-irathen-chez-le-pere-de-djamel-bensmain\/"},"modified":"2021-08-25T12:10:04","modified_gmt":"2021-08-25T16:10:04","slug":"une-delegation-de-notables-de-larbaa-nath-irathen-chez-le-pere-de-djamel-bensmain","status":"publish","type":"post","link":"https:\/\/linitiative.ca\/International\/une-delegation-de-notables-de-larbaa-nath-irathen-chez-le-pere-de-djamel-bensmain\/","title":{"rendered":"Une d\u00e9l\u00e9gation de notables de Larbaa Nath Irathen chez le p\u00e8re de Djamel Bensmain"},"content":{"rendered":"<div>\n<div class=\"sriret\"><img decoding=\"async\" src=\"https:\/\/linitiative.ca\/International\/wp-content\/uploads\/sites\/23\/2021\/08\/default-picture-709x366_c-58.jpg\"><\/div>\n<p>Une d\u00e9l\u00e9gation de notables de la ville de Larbaa Nath irathen (Tizi Ouzou), dont fait partie Said Bouizeri, imam et enseignant universitaire, s\u2019est rendue aujourd\u2019hui \u00e0 Miliana chez la famille du d\u00e9funt Djamel Bensmain, assassin\u00e9 le 11 ao\u00fbt dernier.<\/p>\n<p>Tout en pr\u00e9sentant leurs condol\u00e9ances \u00e0 Nourredine Bensmain, p\u00e8re de Jimmy, les notables lui ont remis une \u00abDiya\u00bb (prix du sang) d\u2019une valeur de trois milliards de centimes. Par ailleurs, l\u2019assembl\u00e9e populaire de la wilaya (APW) de Tizi Ouzou a d\u00e9cid\u00e9 de cr\u00e9er un prix \u00abde la paix, de la fraternit\u00e9 et de l\u2019unit\u00e9\u00bb, discern\u00e9, pour cette premi\u00e8re \u00e9dition, au p\u00e8re de Djamel Bensmain \u00abpour son r\u00f4le d\u00e9terminant, apr\u00e8s l\u2019assassinat\u00a0 abjecte de son fils, dans l\u2019extinction de la Fitna (discorde) entre les enfants de l\u2019Alg\u00e9rie\u00bb, comme l\u2019a d\u00e9clar\u00e9 le P\/APW Youcef Aouchiche et dont les propos ont \u00e9t\u00e9 rapport\u00e9s par l\u2019APS.<\/p>\n<p>\u00a0<\/p>\n<p>L\u2019article <a rel=\"nofollow\" href=\"https:\/\/www.elwatan.com\/edition\/actualite\/une-delegation-de-notables-de-larbaa-nath-irathen-chez-le-pere-de-djamel-bensmain-25-08-2021\">Une d\u00e9l\u00e9gation de notables de Larbaa Nath Irathen chez le p\u00e8re de Djamel Bensmain<\/a> est apparu en premier sur <a rel=\"nofollow\" href=\"https:\/\/www.elwatan.com\/\">El Watan<\/a>.<\/p>\n<\/div>\n<p>Auteur: Abdelghani Aichoun<br \/>\n<a href=\"https:\/\/www.elwatan.com\/edition\/actualite\/une-delegation-de-notables-de-larbaa-nath-irathen-chez-le-pere-de-djamel-bensmain-25-08-2021\">Cliquez ici pour lire l&rsquo;article depuis sa source.<\/a><\/p>\n","protected":false},"excerpt":{"rendered":"<p>Une d\u00e9l\u00e9gation de notables de la ville de Larbaa Nath irathen (Tizi Ouzou), dont fait partie Said Bouizeri, imam et enseignant universitaire, s\u2019est rendue aujourd\u2019hui \u00e0 Miliana chez la famille du d\u00e9funt Djamel Bensmain, assassin\u00e9 le 11 ao\u00fbt dernier. Tout en pr\u00e9sentant leurs condol\u00e9ances \u00e0 Nourredine Bensmain, p\u00e8re de Jimmy, les notables lui ont remis [&hellip;]<\/p>\n","protected":false},"author":1743,"featured_media":0,"comment_status":"closed","ping_status":"closed","sticky":false,"template":"","format":"standard","meta":{"fifu_image_url":"https:\/\/www.elwatan.com\/wp-content\/themes\/spectr\/img\/default-picture-709x366_c.jpg","fifu_image_alt":"Une d\u00e9l\u00e9gation de notables de Larbaa Nath Irathen chez le p\u00e8re de Djamel Bensmain","footnotes":""},"categories":[73,53],"tags":[],"class_list":["post-125128","post","type-post","status-publish","format-standard","hentry","category-actualite","category-algerie"],"_links":{"self":[{"href":"https:\/\/linitiative.ca\/International\/wp-json\/wp\/v2\/posts\/125128","targetHints":{"allow":["GET"]}}],"collection":[{"href":"https:\/\/linitiative.ca\/International\/wp-json\/wp\/v2\/posts"}],"about":[{"href":"https:\/\/linitiative.ca\/International\/wp-json\/wp\/v2\/types\/post"}],"author":[{"embeddable":true,"href":"https:\/\/linitiative.ca\/International\/wp-json\/wp\/v2\/users\/1743"}],"replies":[{"embeddable":true,"href":"https:\/\/linitiative.ca\/International\/wp-json\/wp\/v2\/comments?post=125128"}],"version-history":[{"count":0,"href":"https:\/\/linitiative.ca\/International\/wp-json\/wp\/v2\/posts\/125128\/revisions"}],"wp:attachment":[{"href":"https:\/\/linitiative.ca\/International\/wp-json\/wp\/v2\/media?parent=125128"}],"wp:term":[{"taxonomy":"category","embeddable":true,"href":"https:\/\/linitiative.ca\/International\/wp-json\/wp\/v2\/categories?post=125128"},{"taxonomy":"post_tag","embeddable":true,"href":"https:\/\/linitiative.ca\/International\/wp-json\/wp\/v2\/tags?post=125128"}],"curies":[{"name":"wp","href":"https:\/\/api.w.org\/{rel}","templated":true}]}}