{"id":125130,"date":"2021-08-25T12:30:39","date_gmt":"2021-08-25T16:30:39","guid":{"rendered":"https:\/\/linitiative.ca\/International\/transport-aerien-le-nombre-de-vols-passe-de-9-a-32-par-semaine\/"},"modified":"2021-08-25T12:30:39","modified_gmt":"2021-08-25T16:30:39","slug":"transport-aerien-le-nombre-de-vols-passe-de-9-a-32-par-semaine","status":"publish","type":"post","link":"https:\/\/linitiative.ca\/International\/transport-aerien-le-nombre-de-vols-passe-de-9-a-32-par-semaine\/","title":{"rendered":"Transport a\u00e9rien\u00a0: Le nombre de vols passe de 9 \u00e0 32 par semaine"},"content":{"rendered":"<div>\n<div class=\"sriret\"><img decoding=\"async\" src=\"https:\/\/linitiative.ca\/International\/wp-content\/uploads\/sites\/23\/2021\/08\/default-picture-709x366_c-59.jpg\"><\/div>\n<p>Le minist\u00e8re des Transports a d\u00e9voil\u00e9, aujourd\u2019hui mercredi 25 ao\u00fbt, le nouveau programme des vols de la compagnie a\u00e9rienne Air Alg\u00e9rie. Celui-ci, qui entrera en vigueur samedi 28 ao\u00fbt, passera de 9 \u00e0 32 vols hebdomadaires, de et vers les a\u00e9roports d\u2019Alger, Constantine et Oran.<\/p>\n<p>Le plus grand nombre de vols est pr\u00e9vu bien entendu de et vers la France avec 24 par semaine, trois par jour les dimanche, lundi, mercredi et vendredi et quatre les mardi, jeudi et samedi. Au programme \u00e9galement deux vols par semaine \u00e0 destination de la Turquie (Istanbul) les dimanche et jeudi, deux vers l\u2019Espagne (mercredi et jeudi) et un vol par semaine \u00e0 destination de l\u2019Italie (samedi), Allemagne (mercredi), la Tunisie (vendredi) et la Russie (vendredi). Le minist\u00e8re pr\u00e9cise que dans le cadre de la r\u00e9ciprocit\u00e9 ce nombre va \u00eatre port\u00e9 au double par les compagnies a\u00e9riennes \u00e9trang\u00e8res exer\u00e7ant en Alg\u00e9rie.<\/p>\n<p>\u00a0<\/p>\n<p>\u00a0<\/p>\n<p>\u00a0<\/p>\n<p>L\u2019article <a rel=\"nofollow\" href=\"https:\/\/www.elwatan.com\/edition\/actualite\/transport-aerien-le-nombre-de-vols-passe-de-9-a-32-par-semaine-25-08-2021\">Transport a\u00e9rien\u00a0: Le nombre de vols passe de 9 \u00e0 32 par semaine<\/a> est apparu en premier sur <a rel=\"nofollow\" href=\"https:\/\/www.elwatan.com\/\">El Watan<\/a>.<\/p>\n<\/div>\n<p>Auteur: Abdelghani Aichoun<br \/>\n<a href=\"https:\/\/www.elwatan.com\/edition\/actualite\/transport-aerien-le-nombre-de-vols-passe-de-9-a-32-par-semaine-25-08-2021\">Cliquez ici pour lire l&rsquo;article depuis sa source.<\/a><\/p>\n","protected":false},"excerpt":{"rendered":"<p>Le minist\u00e8re des Transports a d\u00e9voil\u00e9, aujourd\u2019hui mercredi 25 ao\u00fbt, le nouveau programme des vols de la compagnie a\u00e9rienne Air Alg\u00e9rie. Celui-ci, qui entrera en vigueur samedi 28 ao\u00fbt, passera de 9 \u00e0 32 vols hebdomadaires, de et vers les a\u00e9roports d\u2019Alger, Constantine et Oran. Le plus grand nombre de vols est pr\u00e9vu bien entendu [&hellip;]<\/p>\n","protected":false},"author":1743,"featured_media":0,"comment_status":"closed","ping_status":"closed","sticky":false,"template":"","format":"standard","meta":{"fifu_image_url":"https:\/\/www.elwatan.com\/wp-content\/themes\/spectr\/img\/default-picture-709x366_c.jpg","fifu_image_alt":"Transport a\u00e9rien\u00a0: Le nombre de vols passe de 9 \u00e0 32 par semaine","footnotes":""},"categories":[73,53],"tags":[],"class_list":["post-125130","post","type-post","status-publish","format-standard","hentry","category-actualite","category-algerie"],"_links":{"self":[{"href":"https:\/\/linitiative.ca\/International\/wp-json\/wp\/v2\/posts\/125130","targetHints":{"allow":["GET"]}}],"collection":[{"href":"https:\/\/linitiative.ca\/International\/wp-json\/wp\/v2\/posts"}],"about":[{"href":"https:\/\/linitiative.ca\/International\/wp-json\/wp\/v2\/types\/post"}],"author":[{"embeddable":true,"href":"https:\/\/linitiative.ca\/International\/wp-json\/wp\/v2\/users\/1743"}],"replies":[{"embeddable":true,"href":"https:\/\/linitiative.ca\/International\/wp-json\/wp\/v2\/comments?post=125130"}],"version-history":[{"count":0,"href":"https:\/\/linitiative.ca\/International\/wp-json\/wp\/v2\/posts\/125130\/revisions"}],"wp:attachment":[{"href":"https:\/\/linitiative.ca\/International\/wp-json\/wp\/v2\/media?parent=125130"}],"wp:term":[{"taxonomy":"category","embeddable":true,"href":"https:\/\/linitiative.ca\/International\/wp-json\/wp\/v2\/categories?post=125130"},{"taxonomy":"post_tag","embeddable":true,"href":"https:\/\/linitiative.ca\/International\/wp-json\/wp\/v2\/tags?post=125130"}],"curies":[{"name":"wp","href":"https:\/\/api.w.org\/{rel}","templated":true}]}}