{"id":125136,"date":"2021-08-25T06:01:00","date_gmt":"2021-08-25T10:01:00","guid":{"rendered":"https:\/\/linitiative.ca\/International\/epson-lance-ses-premieres-tetes-dimpression-integrant-un-systeme-de-chauffage\/"},"modified":"2021-08-25T06:01:00","modified_gmt":"2021-08-25T10:01:00","slug":"epson-lance-ses-premieres-tetes-dimpression-integrant-un-systeme-de-chauffage","status":"publish","type":"post","link":"https:\/\/linitiative.ca\/International\/epson-lance-ses-premieres-tetes-dimpression-integrant-un-systeme-de-chauffage\/","title":{"rendered":"Epson lance ses premi\u00e8res t\u00eates d\u2019impression  int\u00e9grant un syst\u00e8me de chauffage"},"content":{"rendered":"<div><img decoding=\"async\" src=\"https:\/\/linitiative.ca\/International\/wp-content\/uploads\/sites\/23\/2021\/08\/1629882474_article.jpg\" alt=\"Epson lance ses nouvelles t\u00eates d\u2019impression S\u00e9rie T, les premi\u00e8res t\u00eates d\u2019impression d\u2019Epson int\u00e9grant un syst\u00e8me de chauffage pour les applications UV\" align=\"left\">Epson ajoutera deux nouvelles t\u00eates d\u2019impression \u00e0 sa gamme au cours du deuxi\u00e8me semestre de l\u2019exercice 2021. Ces nouveaux produits renforceront la gamme d\u2019applications, y compris pour la signal\u00e9tique, et permettront aux imprimantes de fournir facilement des impressions de haute qualit\u00e9 \u00e0 haute vitesse.<br \/>\nNouvelles t\u00eates d\u2019impression S\u00e9rie T pour une impression de signal\u00e9tique rapide et de haute qualit\u00e9<br \/>\nLa T3200-U3 permet une impression simultan\u00e9e CMJN quatre couleurs de grande qualit\u00e9 et \u00e0 haute vitesse \u00e0 partir d\u2019une seule t\u00eate d\u2019impression. L\u2019int\u00e9gration d\u2019un syst\u00e8me de chauffage dans la t\u00eate d\u2019impression rend possible l\u2019impression avec une encre UV &#8230;<\/p>\n<\/div>\n<p>Auteur:<br \/>\n<a href=\"https:\/\/www.leaders.com.tn\/article\/32333-epson-lance-ses-nouvelles-tetes-d-impression-serie-t-les-premieres-tetes-d-impression-d-epson-integrant-un-systeme-de-chauffage-pour-les-applications-uv\">Cliquez ici pour lire l&rsquo;article depuis sa source.<\/a><\/p>\n","protected":false},"excerpt":{"rendered":"<p>Epson ajoutera deux nouvelles t\u00eates d\u2019impression \u00e0 sa gamme au cours du deuxi\u00e8me semestre de l\u2019exercice 2021. Ces nouveaux produits renforceront la gamme d\u2019applications, y compris pour la signal\u00e9tique, et permettront aux imprimantes de fournir facilement des impressions de haute qualit\u00e9 \u00e0 haute vitesse. Nouvelles t\u00eates d\u2019impression S\u00e9rie T pour une impression de signal\u00e9tique rapide [&hellip;]<\/p>\n","protected":false},"author":1772,"featured_media":0,"comment_status":"closed","ping_status":"closed","sticky":false,"template":"","format":"standard","meta":{"fifu_image_url":"http:\/\/www.leaders.com.tn\/uploads\/content\/thumbnails_small\/1629882474_article.jpg","fifu_image_alt":"Epson lance ses premi\u00e8res t\u00eates d\u2019impression  int\u00e9grant un syst\u00e8me de chauffage","footnotes":""},"categories":[73,55],"tags":[],"class_list":["post-125136","post","type-post","status-publish","format-standard","hentry","category-actualite","category-tunisie"],"_links":{"self":[{"href":"https:\/\/linitiative.ca\/International\/wp-json\/wp\/v2\/posts\/125136","targetHints":{"allow":["GET"]}}],"collection":[{"href":"https:\/\/linitiative.ca\/International\/wp-json\/wp\/v2\/posts"}],"about":[{"href":"https:\/\/linitiative.ca\/International\/wp-json\/wp\/v2\/types\/post"}],"author":[{"embeddable":true,"href":"https:\/\/linitiative.ca\/International\/wp-json\/wp\/v2\/users\/1772"}],"replies":[{"embeddable":true,"href":"https:\/\/linitiative.ca\/International\/wp-json\/wp\/v2\/comments?post=125136"}],"version-history":[{"count":0,"href":"https:\/\/linitiative.ca\/International\/wp-json\/wp\/v2\/posts\/125136\/revisions"}],"wp:attachment":[{"href":"https:\/\/linitiative.ca\/International\/wp-json\/wp\/v2\/media?parent=125136"}],"wp:term":[{"taxonomy":"category","embeddable":true,"href":"https:\/\/linitiative.ca\/International\/wp-json\/wp\/v2\/categories?post=125136"},{"taxonomy":"post_tag","embeddable":true,"href":"https:\/\/linitiative.ca\/International\/wp-json\/wp\/v2\/tags?post=125136"}],"curies":[{"name":"wp","href":"https:\/\/api.w.org\/{rel}","templated":true}]}}