{"id":125138,"date":"2021-08-25T09:50:00","date_gmt":"2021-08-25T13:50:00","guid":{"rendered":"https:\/\/linitiative.ca\/International\/hatem-kotrane-letat-dexception-na-plus-rien-dexceptionnel\/"},"modified":"2021-08-25T09:50:00","modified_gmt":"2021-08-25T13:50:00","slug":"hatem-kotrane-letat-dexception-na-plus-rien-dexceptionnel","status":"publish","type":"post","link":"https:\/\/linitiative.ca\/International\/hatem-kotrane-letat-dexception-na-plus-rien-dexceptionnel\/","title":{"rendered":"Hatem Kotrane: L&rsquo;\u00e9tat d&rsquo;exception n&rsquo;a plus rien d&rsquo;exceptionnel !"},"content":{"rendered":"<div><img decoding=\"async\" src=\"https:\/\/linitiative.ca\/International\/wp-content\/uploads\/sites\/23\/2021\/08\/1629909525_article.jpg\" alt=\"Tunisie: L\" d n plus rien align=\"left\">1. L\u2019expression est emprunt\u00e9e \u00e0 Michel Troper(1). Elle nous rappelle que nous vivons, depuis le 25 juillet, une situation dans laquelle, en invoquant l\u2019existence de circonstances exceptionnelles et la n\u00e9cessit\u00e9 d\u2019y faire face, le Pr\u00e9sident de la R\u00e9publique en est arriv\u00e9 \u00e0 suspendre provisoirement, pour un mois dans un premier temps, et pour un temps ind\u00e9termin\u00e9 depuis le soir du 24 ao\u00fbt, l\u2019application des r\u00e8gles qui r\u00e9gissent ordinairement l\u2019organisation et le fonctionnement des pouvoirs publics, y compris en ordonnant la suspension de l\u2019Assembl\u00e9e des repr\u00e9sentants du peuple et la lev\u00e9e de l\u2019immunit\u00e9 des parlementaires, avec pour cons\u00e9quence l\u2019application &#8230;<\/p>\n<\/div>\n<p>Auteur:<br \/>\n<a href=\"https:\/\/www.leaders.com.tn\/article\/32334-tunisie-l-etat-d-exception-n-a-plus-rien-d-exceptionnel\">Cliquez ici pour lire l&rsquo;article depuis sa source.<\/a><\/p>\n","protected":false},"excerpt":{"rendered":"<p>1. L\u2019expression est emprunt\u00e9e \u00e0 Michel Troper(1). Elle nous rappelle que nous vivons, depuis le 25 juillet, une situation dans laquelle, en invoquant l\u2019existence de circonstances exceptionnelles et la n\u00e9cessit\u00e9 d\u2019y faire face, le Pr\u00e9sident de la R\u00e9publique en est arriv\u00e9 \u00e0 suspendre provisoirement, pour un mois dans un premier temps, et pour un temps [&hellip;]<\/p>\n","protected":false},"author":1772,"featured_media":0,"comment_status":"closed","ping_status":"closed","sticky":false,"template":"","format":"standard","meta":{"fifu_image_url":"http:\/\/www.leaders.com.tn\/uploads\/content\/thumbnails_small\/1629909525_article.jpg","fifu_image_alt":"<div>Hatem Kotrane: L'\u00e9tat d'exception n'a plus rien d'exceptionnel !<\/div>","footnotes":""},"categories":[73,55],"tags":[],"class_list":["post-125138","post","type-post","status-publish","format-standard","hentry","category-actualite","category-tunisie"],"_links":{"self":[{"href":"https:\/\/linitiative.ca\/International\/wp-json\/wp\/v2\/posts\/125138","targetHints":{"allow":["GET"]}}],"collection":[{"href":"https:\/\/linitiative.ca\/International\/wp-json\/wp\/v2\/posts"}],"about":[{"href":"https:\/\/linitiative.ca\/International\/wp-json\/wp\/v2\/types\/post"}],"author":[{"embeddable":true,"href":"https:\/\/linitiative.ca\/International\/wp-json\/wp\/v2\/users\/1772"}],"replies":[{"embeddable":true,"href":"https:\/\/linitiative.ca\/International\/wp-json\/wp\/v2\/comments?post=125138"}],"version-history":[{"count":0,"href":"https:\/\/linitiative.ca\/International\/wp-json\/wp\/v2\/posts\/125138\/revisions"}],"wp:attachment":[{"href":"https:\/\/linitiative.ca\/International\/wp-json\/wp\/v2\/media?parent=125138"}],"wp:term":[{"taxonomy":"category","embeddable":true,"href":"https:\/\/linitiative.ca\/International\/wp-json\/wp\/v2\/categories?post=125138"},{"taxonomy":"post_tag","embeddable":true,"href":"https:\/\/linitiative.ca\/International\/wp-json\/wp\/v2\/tags?post=125138"}],"curies":[{"name":"wp","href":"https:\/\/api.w.org\/{rel}","templated":true}]}}