{"id":125146,"date":"2021-08-25T12:46:54","date_gmt":"2021-08-25T16:46:54","guid":{"rendered":"https:\/\/linitiative.ca\/International\/le-collectif-associatif-pour-lobservation-des-elections-se-mobilise\/"},"modified":"2021-08-25T12:46:54","modified_gmt":"2021-08-25T16:46:54","slug":"le-collectif-associatif-pour-lobservation-des-elections-se-mobilise","status":"publish","type":"post","link":"https:\/\/linitiative.ca\/International\/le-collectif-associatif-pour-lobservation-des-elections-se-mobilise\/","title":{"rendered":"Le Collectif Associatif pour l\u2019Observation des \u00c9lections se mobilise"},"content":{"rendered":"<div><img decoding=\"async\" width=\"1600\" height=\"900\" src=\"https:\/\/linitiative.ca\/International\/wp-content\/uploads\/sites\/23\/2021\/08\/WhatsApp-Image-2021-08-25-at-16.51.07.jpeg\" class=\"attachment-post-thumbnail size-post-thumbnail wp-post-image\" alt=\"\" loading=\"lazy\" srcset=\"https:\/\/linitiative.ca\/International\/wp-content\/uploads\/sites\/23\/2021\/08\/WhatsApp-Image-2021-08-25-at-16.51.07.jpeg 1600w, https:\/\/www.challenge.ma\/wp-content\/uploads\/2021\/08\/WhatsApp-Image-2021-08-25-at-16.51.07-300x169.jpeg 300w, https:\/\/www.challenge.ma\/wp-content\/uploads\/2021\/08\/WhatsApp-Image-2021-08-25-at-16.51.07-1024x576.jpeg 1024w, https:\/\/www.challenge.ma\/wp-content\/uploads\/2021\/08\/WhatsApp-Image-2021-08-25-at-16.51.07-768x432.jpeg 768w, https:\/\/www.challenge.ma\/wp-content\/uploads\/2021\/08\/WhatsApp-Image-2021-08-25-at-16.51.07-1536x864.jpeg 1536w, https:\/\/www.challenge.ma\/wp-content\/uploads\/2021\/08\/WhatsApp-Image-2021-08-25-at-16.51.07-360x203.jpeg 360w, https:\/\/www.challenge.ma\/wp-content\/uploads\/2021\/08\/WhatsApp-Image-2021-08-25-at-16.51.07-750x422.jpeg 750w\" sizes=\"auto, (max-width: 1600px) 100vw, 1600px\" itemprop=\"image\">La cr\u00e9dibilit\u00e9 du processus \u00e9lectoral d\u00e9pend \u00e9troitement de son degr\u00e9 de transparence. A cet effet, le Collectif Associatif pour l\u2019Observation des \u00c9lections (CAOE) est devenu, depuis 2002, un acteur incontournable dans l\u2019observation impartiale du d\u00e9roulement effectif des \u00e9lections. La conf\u00e9rence de presse, tenue par le CAOE, le 12 ao\u00fbt, a<\/div>\n<p>Auteur: Mohamed Amine<br \/>\n<a href=\"https:\/\/www.challenge.ma\/le-collectif-associatif-pour-lobservation-des-elections-se-mobilise-196561\/\">Cliquez ici pour lire l&rsquo;article depuis sa source.<\/a><\/p>\n","protected":false},"excerpt":{"rendered":"<p>La cr\u00e9dibilit\u00e9 du processus \u00e9lectoral d\u00e9pend \u00e9troitement de son degr\u00e9 de transparence. A cet effet, le Collectif Associatif pour l\u2019Observation des \u00c9lections (CAOE) est devenu, depuis 2002, un acteur incontournable dans l\u2019observation impartiale du d\u00e9roulement effectif des \u00e9lections. La conf\u00e9rence de presse, tenue par le CAOE, le 12 ao\u00fbt, a Auteur: Mohamed Amine Cliquez ici [&hellip;]<\/p>\n","protected":false},"author":1787,"featured_media":0,"comment_status":"closed","ping_status":"closed","sticky":false,"template":"","format":"standard","meta":{"fifu_image_url":"https:\/\/www.challenge.ma\/wp-content\/uploads\/2021\/08\/WhatsApp-Image-2021-08-25-at-16.51.07.jpeg","fifu_image_alt":"Le Collectif Associatif pour l\u2019Observation des \u00c9lections se mobilise","footnotes":""},"categories":[78,54],"tags":[],"class_list":["post-125146","post","type-post","status-publish","format-standard","hentry","category-economie","category-maroc"],"_links":{"self":[{"href":"https:\/\/linitiative.ca\/International\/wp-json\/wp\/v2\/posts\/125146","targetHints":{"allow":["GET"]}}],"collection":[{"href":"https:\/\/linitiative.ca\/International\/wp-json\/wp\/v2\/posts"}],"about":[{"href":"https:\/\/linitiative.ca\/International\/wp-json\/wp\/v2\/types\/post"}],"author":[{"embeddable":true,"href":"https:\/\/linitiative.ca\/International\/wp-json\/wp\/v2\/users\/1787"}],"replies":[{"embeddable":true,"href":"https:\/\/linitiative.ca\/International\/wp-json\/wp\/v2\/comments?post=125146"}],"version-history":[{"count":0,"href":"https:\/\/linitiative.ca\/International\/wp-json\/wp\/v2\/posts\/125146\/revisions"}],"wp:attachment":[{"href":"https:\/\/linitiative.ca\/International\/wp-json\/wp\/v2\/media?parent=125146"}],"wp:term":[{"taxonomy":"category","embeddable":true,"href":"https:\/\/linitiative.ca\/International\/wp-json\/wp\/v2\/categories?post=125146"},{"taxonomy":"post_tag","embeddable":true,"href":"https:\/\/linitiative.ca\/International\/wp-json\/wp\/v2\/tags?post=125146"}],"curies":[{"name":"wp","href":"https:\/\/api.w.org\/{rel}","templated":true}]}}