{"id":125150,"date":"2021-08-25T14:31:59","date_gmt":"2021-08-25T18:31:59","guid":{"rendered":"https:\/\/linitiative.ca\/International\/tunisie-les-talibans-annoncent-leur-projet-de-rapprochement-de-la-turquie-derdogan\/"},"modified":"2021-08-25T14:31:59","modified_gmt":"2021-08-25T18:31:59","slug":"tunisie-les-talibans-annoncent-leur-projet-de-rapprochement-de-la-turquie-derdogan","status":"publish","type":"post","link":"https:\/\/linitiative.ca\/International\/tunisie-les-talibans-annoncent-leur-projet-de-rapprochement-de-la-turquie-derdogan\/","title":{"rendered":"Tunisie \u2013 Les Talibans annoncent leur projet de rapprochement de la Turquie d\u2019Erdogan"},"content":{"rendered":"<div>\n<p>Le porte parole des talibans, Mohamed Na\u00efm Ouerdek, a annonc\u00e9, ce mercredi \u00e0 l\u2019agence turque Anadole, que leur groupe a adress\u00e9 une demande au gouvernement turc pour venir en aide \u00e0 leur mouvement et au peuple afghan. Il a ajout\u00e9 que le peuple afghan a souffert de quatre d\u00e9cennies de guerre, et que le peuple [\u2026]<\/p>\n<p>L\u2019article <a href=\"https:\/\/www.tunisienumerique.com\/tunisie-les-talibans-annoncent-leur-projet-de-rapprochement-de-la-turquie-derdogan\/\">Tunisie \u2013 Les Talibans annoncent leur projet de rapprochement de la Turquie d\u2019Erdogan<\/a> est apparu en premier sur <a href=\"https:\/\/www.tunisienumerique.com\/\">Tunisie<\/a>.<\/p>\n<\/div>\n<p>Auteur: LM<br \/>\n<a href=\"https:\/\/www.tunisienumerique.com\/tunisie-les-talibans-annoncent-leur-projet-de-rapprochement-de-la-turquie-derdogan\/\">Cliquez ici pour lire l&rsquo;article depuis sa source.<\/a><\/p>\n","protected":false},"excerpt":{"rendered":"<p>Le porte parole des talibans, Mohamed Na\u00efm Ouerdek, a annonc\u00e9, ce mercredi \u00e0 l\u2019agence turque Anadole, que leur groupe a adress\u00e9 une demande au gouvernement turc pour venir en aide \u00e0 leur mouvement et au peuple afghan. Il a ajout\u00e9 que le peuple afghan a souffert de quatre d\u00e9cennies de guerre, et que le peuple [&hellip;]<\/p>\n","protected":false},"author":1789,"featured_media":0,"comment_status":"closed","ping_status":"closed","sticky":false,"template":"","format":"standard","meta":{"fifu_image_url":"","fifu_image_alt":"","footnotes":""},"categories":[73,55],"tags":[],"class_list":["post-125150","post","type-post","status-publish","format-standard","hentry","category-actualite","category-tunisie"],"_links":{"self":[{"href":"https:\/\/linitiative.ca\/International\/wp-json\/wp\/v2\/posts\/125150","targetHints":{"allow":["GET"]}}],"collection":[{"href":"https:\/\/linitiative.ca\/International\/wp-json\/wp\/v2\/posts"}],"about":[{"href":"https:\/\/linitiative.ca\/International\/wp-json\/wp\/v2\/types\/post"}],"author":[{"embeddable":true,"href":"https:\/\/linitiative.ca\/International\/wp-json\/wp\/v2\/users\/1789"}],"replies":[{"embeddable":true,"href":"https:\/\/linitiative.ca\/International\/wp-json\/wp\/v2\/comments?post=125150"}],"version-history":[{"count":0,"href":"https:\/\/linitiative.ca\/International\/wp-json\/wp\/v2\/posts\/125150\/revisions"}],"wp:attachment":[{"href":"https:\/\/linitiative.ca\/International\/wp-json\/wp\/v2\/media?parent=125150"}],"wp:term":[{"taxonomy":"category","embeddable":true,"href":"https:\/\/linitiative.ca\/International\/wp-json\/wp\/v2\/categories?post=125150"},{"taxonomy":"post_tag","embeddable":true,"href":"https:\/\/linitiative.ca\/International\/wp-json\/wp\/v2\/tags?post=125150"}],"curies":[{"name":"wp","href":"https:\/\/api.w.org\/{rel}","templated":true}]}}