{"id":125154,"date":"2021-08-25T16:49:49","date_gmt":"2021-08-25T20:49:49","guid":{"rendered":"https:\/\/linitiative.ca\/International\/tunisie-de-quoi-a-peur-lugtt\/"},"modified":"2021-08-25T16:49:49","modified_gmt":"2021-08-25T20:49:49","slug":"tunisie-de-quoi-a-peur-lugtt","status":"publish","type":"post","link":"https:\/\/linitiative.ca\/International\/tunisie-de-quoi-a-peur-lugtt\/","title":{"rendered":"Tunisie \u2013 De quoi a peur l\u2019UGTT\u00a0?"},"content":{"rendered":"<div>\n<p>Depuis le 25 juillet dernier, et hormis l\u2019entretien qui a r\u00e9uni Ka\u00efs Sa\u00efed avec Tabboubi, la direction de l\u2019UGTT s\u2019est inscrite aux abonn\u00e9s absents. Nulle r\u00e9action, aucune d\u00e9claration\u2026 A se demander s\u2019ils sont d\u2019accord avec ce qu\u2019a entrepris le pr\u00e9sident de la R\u00e9publique, ou s\u2019ils y sont oppos\u00e9s, et dans lequel cas, ils ont peur [\u2026]<\/p>\n<p>L\u2019article <a href=\"https:\/\/www.tunisienumerique.com\/tunisie-de-quoi-a-peur-lugtt\/\">Tunisie \u2013 De quoi a peur l\u2019UGTT\u00a0?<\/a> est apparu en premier sur <a href=\"https:\/\/www.tunisienumerique.com\/\">Tunisie<\/a>.<\/p>\n<\/div>\n<p>Auteur: Ramsis<br \/>\n<a href=\"https:\/\/www.tunisienumerique.com\/tunisie-de-quoi-a-peur-lugtt\/\">Cliquez ici pour lire l&rsquo;article depuis sa source.<\/a><\/p>\n","protected":false},"excerpt":{"rendered":"<p>Depuis le 25 juillet dernier, et hormis l\u2019entretien qui a r\u00e9uni Ka\u00efs Sa\u00efed avec Tabboubi, la direction de l\u2019UGTT s\u2019est inscrite aux abonn\u00e9s absents. Nulle r\u00e9action, aucune d\u00e9claration\u2026 A se demander s\u2019ils sont d\u2019accord avec ce qu\u2019a entrepris le pr\u00e9sident de la R\u00e9publique, ou s\u2019ils y sont oppos\u00e9s, et dans lequel cas, ils ont peur [&hellip;]<\/p>\n","protected":false},"author":1789,"featured_media":0,"comment_status":"closed","ping_status":"closed","sticky":false,"template":"","format":"standard","meta":{"fifu_image_url":"","fifu_image_alt":"","footnotes":""},"categories":[73,55],"tags":[],"class_list":["post-125154","post","type-post","status-publish","format-standard","hentry","category-actualite","category-tunisie"],"_links":{"self":[{"href":"https:\/\/linitiative.ca\/International\/wp-json\/wp\/v2\/posts\/125154","targetHints":{"allow":["GET"]}}],"collection":[{"href":"https:\/\/linitiative.ca\/International\/wp-json\/wp\/v2\/posts"}],"about":[{"href":"https:\/\/linitiative.ca\/International\/wp-json\/wp\/v2\/types\/post"}],"author":[{"embeddable":true,"href":"https:\/\/linitiative.ca\/International\/wp-json\/wp\/v2\/users\/1789"}],"replies":[{"embeddable":true,"href":"https:\/\/linitiative.ca\/International\/wp-json\/wp\/v2\/comments?post=125154"}],"version-history":[{"count":0,"href":"https:\/\/linitiative.ca\/International\/wp-json\/wp\/v2\/posts\/125154\/revisions"}],"wp:attachment":[{"href":"https:\/\/linitiative.ca\/International\/wp-json\/wp\/v2\/media?parent=125154"}],"wp:term":[{"taxonomy":"category","embeddable":true,"href":"https:\/\/linitiative.ca\/International\/wp-json\/wp\/v2\/categories?post=125154"},{"taxonomy":"post_tag","embeddable":true,"href":"https:\/\/linitiative.ca\/International\/wp-json\/wp\/v2\/tags?post=125154"}],"curies":[{"name":"wp","href":"https:\/\/api.w.org\/{rel}","templated":true}]}}