{"id":125155,"date":"2021-08-25T15:10:54","date_gmt":"2021-08-25T19:10:54","guid":{"rendered":"https:\/\/linitiative.ca\/International\/polemique-autour-du-lieu-denterrement-de-hissene-habre\/"},"modified":"2021-08-25T15:10:54","modified_gmt":"2021-08-25T19:10:54","slug":"polemique-autour-du-lieu-denterrement-de-hissene-habre","status":"publish","type":"post","link":"https:\/\/linitiative.ca\/International\/polemique-autour-du-lieu-denterrement-de-hissene-habre\/","title":{"rendered":"POLEMIQUE AUTOUR DU LIEU D\u2019ENTERREMENT DE HISSENE HABRE"},"content":{"rendered":"<div>\n<p><img decoding=\"async\" width=\"664\" height=\"442\" src=\"https:\/\/linitiative.ca\/International\/wp-content\/uploads\/sites\/23\/2021\/08\/HABRE-1.jpg\" class=\"attachment- size- wp-post-image\" alt=\"\" loading=\"lazy\" style=\"float:left; margin:0 15px 15px 0;\" srcset=\"https:\/\/linitiative.ca\/International\/wp-content\/uploads\/sites\/23\/2021\/08\/HABRE-1.jpg 664w, https:\/\/lepays.bf\/wp-content\/uploads\/2021\/08\/HABRE-1-300x200.jpg 300w\" sizes=\"auto, (max-width: 664px) 100vw, 664px\">La d\u00e9pouille mortelle de l\u2019ex-dictateur tchadien, Hiss\u00e8ne Habr\u00e9, alimente la pol\u00e9mique, \u00e0 tel point que l\u2019on peut se demander l\u00e9gitimement o\u00f9 il sera inhum\u00e9.\u00a0 En effet, c\u2019est \u00e0 une v\u00e9ritable passe d\u2019armes que l\u2019on assiste entre les autorit\u00e9s de la Transition au Tchad et la famille du d\u00e9funt quant au lieu probable d\u2019inhumation de l\u2019ancien \u2026<\/p>\n<p>L\u2019article <a rel=\"nofollow\" href=\"https:\/\/lepays.bf\/polemique-autour-du-lieu-denterrement-de-hissene-habre\/\">POLEMIQUE AUTOUR DU LIEU D\u2019ENTERREMENT DE HISSENE HABRE<\/a> est apparu en premier sur <a rel=\"nofollow\" href=\"https:\/\/lepays.bf\/\">Editions Le Pays<\/a>.<\/p>\n<\/div>\n<p>Auteur: Editions LEPAYS<br \/>\n<a href=\"https:\/\/lepays.bf\/polemique-autour-du-lieu-denterrement-de-hissene-habre\/\">Cliquez ici pour lire l&rsquo;article depuis sa source.<\/a><\/p>\n","protected":false},"excerpt":{"rendered":"<p>La d\u00e9pouille mortelle de l\u2019ex-dictateur tchadien, Hiss\u00e8ne Habr\u00e9, alimente la pol\u00e9mique, \u00e0 tel point que l\u2019on peut se demander l\u00e9gitimement o\u00f9 il sera inhum\u00e9.\u00a0 En effet, c\u2019est \u00e0 une v\u00e9ritable passe d\u2019armes que l\u2019on assiste entre les autorit\u00e9s de la Transition au Tchad et la famille du d\u00e9funt quant au lieu probable d\u2019inhumation de l\u2019ancien [&hellip;]<\/p>\n","protected":false},"author":1813,"featured_media":0,"comment_status":"closed","ping_status":"closed","sticky":false,"template":"","format":"standard","meta":{"fifu_image_url":"https:\/\/lepays.bf\/wp-content\/uploads\/2021\/08\/HABRE-1.jpg","fifu_image_alt":"POLEMIQUE AUTOUR DU LIEU D\u2019ENTERREMENT DE HISSENE HABRE","footnotes":""},"categories":[73,81],"tags":[],"class_list":["post-125155","post","type-post","status-publish","format-standard","hentry","category-actualite","category-burkina-faso"],"_links":{"self":[{"href":"https:\/\/linitiative.ca\/International\/wp-json\/wp\/v2\/posts\/125155","targetHints":{"allow":["GET"]}}],"collection":[{"href":"https:\/\/linitiative.ca\/International\/wp-json\/wp\/v2\/posts"}],"about":[{"href":"https:\/\/linitiative.ca\/International\/wp-json\/wp\/v2\/types\/post"}],"author":[{"embeddable":true,"href":"https:\/\/linitiative.ca\/International\/wp-json\/wp\/v2\/users\/1813"}],"replies":[{"embeddable":true,"href":"https:\/\/linitiative.ca\/International\/wp-json\/wp\/v2\/comments?post=125155"}],"version-history":[{"count":0,"href":"https:\/\/linitiative.ca\/International\/wp-json\/wp\/v2\/posts\/125155\/revisions"}],"wp:attachment":[{"href":"https:\/\/linitiative.ca\/International\/wp-json\/wp\/v2\/media?parent=125155"}],"wp:term":[{"taxonomy":"category","embeddable":true,"href":"https:\/\/linitiative.ca\/International\/wp-json\/wp\/v2\/categories?post=125155"},{"taxonomy":"post_tag","embeddable":true,"href":"https:\/\/linitiative.ca\/International\/wp-json\/wp\/v2\/tags?post=125155"}],"curies":[{"name":"wp","href":"https:\/\/api.w.org\/{rel}","templated":true}]}}