{"id":125157,"date":"2021-08-25T15:15:52","date_gmt":"2021-08-25T19:15:52","guid":{"rendered":"https:\/\/linitiative.ca\/International\/approvisionnement-des-groupes-armes-en-armes-au-sahel\/"},"modified":"2021-08-25T15:15:52","modified_gmt":"2021-08-25T19:15:52","slug":"approvisionnement-des-groupes-armes-en-armes-au-sahel","status":"publish","type":"post","link":"https:\/\/linitiative.ca\/International\/approvisionnement-des-groupes-armes-en-armes-au-sahel\/","title":{"rendered":"APPROVISIONNEMENT DES GROUPES ARMES EN ARMES AU SAHEL"},"content":{"rendered":"<div>\n<p><img decoding=\"async\" width=\"768\" height=\"429\" src=\"https:\/\/linitiative.ca\/International\/wp-content\/uploads\/sites\/23\/2021\/08\/Terroristes-armeCC81s-1.jpg\" class=\"attachment- size- wp-post-image\" alt=\"\" loading=\"lazy\" style=\"float:left; margin:0 15px 15px 0;\" srcset=\"https:\/\/linitiative.ca\/International\/wp-content\/uploads\/sites\/23\/2021\/08\/Terroristes-armeCC81s-1.jpg 768w, https:\/\/lepays.bf\/wp-content\/uploads\/2021\/08\/Terroristes-arme\u0301s-1-300x168.jpg 300w\" sizes=\"auto, (max-width: 768px) 100vw, 768px\">Amnesty International a rendu public, le 24 ao\u00fbt 2021, un rapport sur l\u2019approvisionnement en armes, des groupes arm\u00e9s \u00e9voluant au Sahel. Ce rapport confirme bien ce que tout le monde savait, \u00e0 savoir que les bandes arm\u00e9es qui endeuillent le Sahel, ne fabriquent pas d\u2019armes mais se les procurent par des circuits ill\u00e9gaux et illicites \u2026<\/p>\n<p>L\u2019article <a rel=\"nofollow\" href=\"https:\/\/lepays.bf\/approvisionnement-des-groupes-armes-en-armes-au-sahel-2\/\">APPROVISIONNEMENT DES GROUPES ARMES EN ARMES AU SAHEL<\/a> est apparu en premier sur <a rel=\"nofollow\" href=\"https:\/\/lepays.bf\/\">Editions Le Pays<\/a>.<\/p>\n<\/div>\n<p>Auteur: Editions LEPAYS<br \/>\n<a href=\"https:\/\/lepays.bf\/approvisionnement-des-groupes-armes-en-armes-au-sahel-2\/\">Cliquez ici pour lire l&rsquo;article depuis sa source.<\/a><\/p>\n","protected":false},"excerpt":{"rendered":"<p>Amnesty International a rendu public, le 24 ao\u00fbt 2021, un rapport sur l\u2019approvisionnement en armes, des groupes arm\u00e9s \u00e9voluant au Sahel. Ce rapport confirme bien ce que tout le monde savait, \u00e0 savoir que les bandes arm\u00e9es qui endeuillent le Sahel, ne fabriquent pas d\u2019armes mais se les procurent par des circuits ill\u00e9gaux et illicites [&hellip;]<\/p>\n","protected":false},"author":1813,"featured_media":0,"comment_status":"closed","ping_status":"closed","sticky":false,"template":"","format":"standard","meta":{"fifu_image_url":"https:\/\/lepays.bf\/wp-content\/uploads\/2021\/08\/Terroristes-arme\u0301s-1.jpg","fifu_image_alt":"APPROVISIONNEMENT DES GROUPES ARMES EN ARMES AU SAHEL","footnotes":""},"categories":[73,81],"tags":[],"class_list":["post-125157","post","type-post","status-publish","format-standard","hentry","category-actualite","category-burkina-faso"],"_links":{"self":[{"href":"https:\/\/linitiative.ca\/International\/wp-json\/wp\/v2\/posts\/125157","targetHints":{"allow":["GET"]}}],"collection":[{"href":"https:\/\/linitiative.ca\/International\/wp-json\/wp\/v2\/posts"}],"about":[{"href":"https:\/\/linitiative.ca\/International\/wp-json\/wp\/v2\/types\/post"}],"author":[{"embeddable":true,"href":"https:\/\/linitiative.ca\/International\/wp-json\/wp\/v2\/users\/1813"}],"replies":[{"embeddable":true,"href":"https:\/\/linitiative.ca\/International\/wp-json\/wp\/v2\/comments?post=125157"}],"version-history":[{"count":0,"href":"https:\/\/linitiative.ca\/International\/wp-json\/wp\/v2\/posts\/125157\/revisions"}],"wp:attachment":[{"href":"https:\/\/linitiative.ca\/International\/wp-json\/wp\/v2\/media?parent=125157"}],"wp:term":[{"taxonomy":"category","embeddable":true,"href":"https:\/\/linitiative.ca\/International\/wp-json\/wp\/v2\/categories?post=125157"},{"taxonomy":"post_tag","embeddable":true,"href":"https:\/\/linitiative.ca\/International\/wp-json\/wp\/v2\/tags?post=125157"}],"curies":[{"name":"wp","href":"https:\/\/api.w.org\/{rel}","templated":true}]}}