{"id":125161,"date":"2021-08-25T15:24:03","date_gmt":"2021-08-25T19:24:03","guid":{"rendered":"https:\/\/linitiative.ca\/International\/affaire-de-lavion-presidentiel-et-des-equipements-militaires-au-mali\/"},"modified":"2021-08-25T15:24:03","modified_gmt":"2021-08-25T19:24:03","slug":"affaire-de-lavion-presidentiel-et-des-equipements-militaires-au-mali","status":"publish","type":"post","link":"https:\/\/linitiative.ca\/International\/affaire-de-lavion-presidentiel-et-des-equipements-militaires-au-mali\/","title":{"rendered":"AFFAIRE DE L\u2019AVION PRESIDENTIEL ET DES EQUIPEMENTS MILITAIRES AU MALI"},"content":{"rendered":"<div>\n<p><img decoding=\"async\" width=\"1908\" height=\"1230\" src=\"https:\/\/linitiative.ca\/International\/wp-content\/uploads\/sites\/23\/2021\/08\/MALI-2.jpg\" class=\"attachment- size- wp-post-image\" alt=\"\" loading=\"lazy\" style=\"float:left; margin:0 15px 15px 0;\" srcset=\"https:\/\/linitiative.ca\/International\/wp-content\/uploads\/sites\/23\/2021\/08\/MALI-2.jpg 1908w, https:\/\/lepays.bf\/wp-content\/uploads\/2021\/08\/MALI-2-300x193.jpg 300w, https:\/\/lepays.bf\/wp-content\/uploads\/2021\/08\/MALI-2-1024x660.jpg 1024w, https:\/\/lepays.bf\/wp-content\/uploads\/2021\/08\/MALI-2-768x495.jpg 768w, https:\/\/lepays.bf\/wp-content\/uploads\/2021\/08\/MALI-2-1536x990.jpg 1536w\" sizes=\"auto, (max-width: 1908px) 100vw, 1908px\">\u00a0L\u2019affaire de l\u2019avion pr\u00e9sidentiel et des contrats d\u2019\u00e9quipements militaires, class\u00e9e sans suite en 2018, refait surface.\u00a0 En d\u00e9clarant r\u00e9cemment sur les ondes de l\u2019ORTM, la radio-t\u00e9l\u00e9vision nationale, que \u00ab\u00a0des enqu\u00eates compl\u00e9mentaires ont \u00e9t\u00e9 men\u00e9es et les ministres qui devaient \u00eatre entendus\u00a0\u00bb, l\u2019ont \u00e9t\u00e9, Mamadou Timbo, le Procureur g\u00e9n\u00e9ral de la Cour supr\u00eame, a jet\u00e9 un \u2026<\/p>\n<p>L\u2019article <a rel=\"nofollow\" href=\"https:\/\/lepays.bf\/affaire-de-lavion-presidentiel-et-des-equipements-militaires-au-mali\/\">AFFAIRE DE L\u2019AVION PRESIDENTIEL ET DES EQUIPEMENTS MILITAIRES AU MALI<\/a> est apparu en premier sur <a rel=\"nofollow\" href=\"https:\/\/lepays.bf\/\">Editions Le Pays<\/a>.<\/p>\n<\/div>\n<p>Auteur: Editions LEPAYS<br \/>\n<a href=\"https:\/\/lepays.bf\/affaire-de-lavion-presidentiel-et-des-equipements-militaires-au-mali\/\">Cliquez ici pour lire l&rsquo;article depuis sa source.<\/a><\/p>\n","protected":false},"excerpt":{"rendered":"<p>\u00a0L\u2019affaire de l\u2019avion pr\u00e9sidentiel et des contrats d\u2019\u00e9quipements militaires, class\u00e9e sans suite en 2018, refait surface.\u00a0 En d\u00e9clarant r\u00e9cemment sur les ondes de l\u2019ORTM, la radio-t\u00e9l\u00e9vision nationale, que \u00ab\u00a0des enqu\u00eates compl\u00e9mentaires ont \u00e9t\u00e9 men\u00e9es et les ministres qui devaient \u00eatre entendus\u00a0\u00bb, l\u2019ont \u00e9t\u00e9, Mamadou Timbo, le Procureur g\u00e9n\u00e9ral de la Cour supr\u00eame, a jet\u00e9 un [&hellip;]<\/p>\n","protected":false},"author":1813,"featured_media":0,"comment_status":"closed","ping_status":"closed","sticky":false,"template":"","format":"standard","meta":{"fifu_image_url":"https:\/\/lepays.bf\/wp-content\/uploads\/2021\/08\/MALI-2.jpg","fifu_image_alt":"AFFAIRE DE L\u2019AVION PRESIDENTIEL ET DES EQUIPEMENTS MILITAIRES AU MALI","footnotes":""},"categories":[73,81],"tags":[],"class_list":["post-125161","post","type-post","status-publish","format-standard","hentry","category-actualite","category-burkina-faso"],"_links":{"self":[{"href":"https:\/\/linitiative.ca\/International\/wp-json\/wp\/v2\/posts\/125161","targetHints":{"allow":["GET"]}}],"collection":[{"href":"https:\/\/linitiative.ca\/International\/wp-json\/wp\/v2\/posts"}],"about":[{"href":"https:\/\/linitiative.ca\/International\/wp-json\/wp\/v2\/types\/post"}],"author":[{"embeddable":true,"href":"https:\/\/linitiative.ca\/International\/wp-json\/wp\/v2\/users\/1813"}],"replies":[{"embeddable":true,"href":"https:\/\/linitiative.ca\/International\/wp-json\/wp\/v2\/comments?post=125161"}],"version-history":[{"count":0,"href":"https:\/\/linitiative.ca\/International\/wp-json\/wp\/v2\/posts\/125161\/revisions"}],"wp:attachment":[{"href":"https:\/\/linitiative.ca\/International\/wp-json\/wp\/v2\/media?parent=125161"}],"wp:term":[{"taxonomy":"category","embeddable":true,"href":"https:\/\/linitiative.ca\/International\/wp-json\/wp\/v2\/categories?post=125161"},{"taxonomy":"post_tag","embeddable":true,"href":"https:\/\/linitiative.ca\/International\/wp-json\/wp\/v2\/tags?post=125161"}],"curies":[{"name":"wp","href":"https:\/\/api.w.org\/{rel}","templated":true}]}}