{"id":125163,"date":"2021-08-25T15:56:18","date_gmt":"2021-08-25T19:56:18","guid":{"rendered":"https:\/\/linitiative.ca\/International\/attaque-meurtriere-au-niger\/"},"modified":"2021-08-25T15:56:18","modified_gmt":"2021-08-25T19:56:18","slug":"attaque-meurtriere-au-niger","status":"publish","type":"post","link":"https:\/\/linitiative.ca\/International\/attaque-meurtriere-au-niger\/","title":{"rendered":"ATTAQUE MEURTRIERE AU NIGER"},"content":{"rendered":"<div>\n<p><img decoding=\"async\" width=\"768\" height=\"512\" src=\"https:\/\/linitiative.ca\/International\/wp-content\/uploads\/sites\/23\/2021\/08\/Armee-nigerienne.jpg\" class=\"attachment- size- wp-post-image\" alt=\"\" loading=\"lazy\" style=\"float:left; margin:0 15px 15px 0;\" srcset=\"https:\/\/linitiative.ca\/International\/wp-content\/uploads\/sites\/23\/2021\/08\/Armee-nigerienne.jpg 768w, https:\/\/lepays.bf\/wp-content\/uploads\/2021\/08\/Armee-nigerienne-300x200.jpg 300w\" sizes=\"auto, (max-width: 768px) 100vw, 768px\">L\u2019arm\u00e9e nig\u00e9rienne vient de perdre dans ses rangs 16 soldats suite \u00e0 une attaque men\u00e9e par plusieurs centaines d\u2019\u00e9l\u00e9ments de Boko Haram \u00e0 Baroua, dans la r\u00e9gion de Diffa, dans la nuit du mardi 24 au mercredi 25 ao\u00fbt 2021. Cette \u00e9ni\u00e8me attaque sanglante intervient apr\u00e8s celle perp\u00e9tr\u00e9e le 19 ao\u00fbt 2021, contre l\u2019arm\u00e9e malienne \u2026<\/p>\n<p>L\u2019article <a rel=\"nofollow\" href=\"https:\/\/lepays.bf\/attaque-meurtriere-au-niger\/\">ATTAQUE MEURTRIERE AU NIGER<\/a> est apparu en premier sur <a rel=\"nofollow\" href=\"https:\/\/lepays.bf\/\">Editions Le Pays<\/a>.<\/p>\n<\/div>\n<p>Auteur: Editions LEPAYS<br \/>\n<a href=\"https:\/\/lepays.bf\/attaque-meurtriere-au-niger\/\">Cliquez ici pour lire l&rsquo;article depuis sa source.<\/a><\/p>\n","protected":false},"excerpt":{"rendered":"<p>L\u2019arm\u00e9e nig\u00e9rienne vient de perdre dans ses rangs 16 soldats suite \u00e0 une attaque men\u00e9e par plusieurs centaines d\u2019\u00e9l\u00e9ments de Boko Haram \u00e0 Baroua, dans la r\u00e9gion de Diffa, dans la nuit du mardi 24 au mercredi 25 ao\u00fbt 2021. Cette \u00e9ni\u00e8me attaque sanglante intervient apr\u00e8s celle perp\u00e9tr\u00e9e le 19 ao\u00fbt 2021, contre l\u2019arm\u00e9e malienne [&hellip;]<\/p>\n","protected":false},"author":1813,"featured_media":0,"comment_status":"closed","ping_status":"closed","sticky":false,"template":"","format":"standard","meta":{"fifu_image_url":"https:\/\/lepays.bf\/wp-content\/uploads\/2021\/08\/Armee-nigerienne.jpg","fifu_image_alt":"ATTAQUE MEURTRIERE AU NIGER","footnotes":""},"categories":[73,81],"tags":[],"class_list":["post-125163","post","type-post","status-publish","format-standard","hentry","category-actualite","category-burkina-faso"],"_links":{"self":[{"href":"https:\/\/linitiative.ca\/International\/wp-json\/wp\/v2\/posts\/125163","targetHints":{"allow":["GET"]}}],"collection":[{"href":"https:\/\/linitiative.ca\/International\/wp-json\/wp\/v2\/posts"}],"about":[{"href":"https:\/\/linitiative.ca\/International\/wp-json\/wp\/v2\/types\/post"}],"author":[{"embeddable":true,"href":"https:\/\/linitiative.ca\/International\/wp-json\/wp\/v2\/users\/1813"}],"replies":[{"embeddable":true,"href":"https:\/\/linitiative.ca\/International\/wp-json\/wp\/v2\/comments?post=125163"}],"version-history":[{"count":0,"href":"https:\/\/linitiative.ca\/International\/wp-json\/wp\/v2\/posts\/125163\/revisions"}],"wp:attachment":[{"href":"https:\/\/linitiative.ca\/International\/wp-json\/wp\/v2\/media?parent=125163"}],"wp:term":[{"taxonomy":"category","embeddable":true,"href":"https:\/\/linitiative.ca\/International\/wp-json\/wp\/v2\/categories?post=125163"},{"taxonomy":"post_tag","embeddable":true,"href":"https:\/\/linitiative.ca\/International\/wp-json\/wp\/v2\/tags?post=125163"}],"curies":[{"name":"wp","href":"https:\/\/api.w.org\/{rel}","templated":true}]}}