{"id":125165,"date":"2021-08-24T17:59:51","date_gmt":"2021-08-24T21:59:51","guid":{"rendered":"https:\/\/linitiative.ca\/International\/le-pr-abdoulaye-soma-nomme-expert-de-lonu-au-mali\/"},"modified":"2021-08-24T17:59:51","modified_gmt":"2021-08-24T21:59:51","slug":"le-pr-abdoulaye-soma-nomme-expert-de-lonu-au-mali","status":"publish","type":"post","link":"https:\/\/linitiative.ca\/International\/le-pr-abdoulaye-soma-nomme-expert-de-lonu-au-mali\/","title":{"rendered":"Le Pr Abdoulaye Soma, nomm\u00e9 expert de l\u2019ONU au Mali"},"content":{"rendered":"<div>\n<p>L\u2019expertise burkinab\u00e8 se vend tr\u00e8s bien \u00e0 l\u2019\u00e9tranger et notamment dans les institutions onusiennes. En effet, il est tomb\u00e9 dans l\u2019oreille de Kantigui que le constitutionaliste et candidat malheureux \u00e0 l\u2019\u00e9lection pr\u00e9sidentielle de novembre 2020, le professeur Abdoulaye Soma, a \u00e9t\u00e9 nomm\u00e9 comme expert international de l\u2019ONU pour l\u2019encadrement constitutionnel de la Transition politique malienne. Ayant pris fonction le vendredi 20 ao\u00fbt 2021 \u00e0 Bamako, le Pr Soma, selon la source de Kantigui, va travailler au sein de l\u2019unit\u00e9 Droits de l\u2019homme de la MINUSMA, du gouvernement et aupr\u00e8s de la Cour constitutionnelle du Mali. Il doit d\u00e9sormais s\u2019\u00e9tablir au pays de Soundiata K\u00e9ita, a pr\u00e9cis\u00e9 l\u2019informateur de Kantigui qui a toutefois relev\u00e9 que cette nomination n\u2019entame en rien ses activit\u00e9s professionnelles et politique notamment \u00e0 la t\u00eate du parti Soleil d\u2019avenir.<\/p>\n<hr>\n<p><strong>Prise en charge de la COVID-19\u00a0: les croque-morts de Yalgado oubli\u00e9s\u00a0? <\/strong><\/p>\n<p>Assis dans un bistrot de la place, Kantigui a capt\u00e9 une conversation aux allures de plaintes, entre deux personnes. Selon ce que Kantigui a compris des propos de l\u2019une d\u2019entre elles, les six croque-morts du Centre hospitalier universitaire (CHU) Yalgado-Ou\u00e9draogo sont les grands oubli\u00e9s de la prise en charge financi\u00e8re des acteurs impliqu\u00e9s dans la lutte contre la pand\u00e9mie \u00e0 coronavirus depuis mars 2020. \u00ab\u00a0Tous ceux qui \u00e9taient concern\u00e9s ont \u00e9t\u00e9 pris en charge. Chez nous \u00e0 la morgue, m\u00eame 1 F CFA, personne n\u2019a eu. Pourtant, c\u2019est chez nous \u00e0 la morgue qu\u2019on amenait les personnes d\u00e9c\u00e9d\u00e9es de la COVID-19\u00a0\u00bb, s\u2019est indign\u00e9 le plaignant. Il a poursuivi que les six croque-morts se sont vu retorquer l\u2019ann\u00e9e derni\u00e8re que les frais de prise en charge sont \u00e9puis\u00e9s, ou encore qu\u2019il n\u2019y a pas \u00ab\u00a0d\u2019argent \u00e0 se partager\u00a0\u00bb. Kantigui invite les premiers responsables du CHU-Yalgado \u00e0 revoir les crit\u00e8res de prise en charge quand l\u2019on sait que les plaignants sont eux aussi des acteurs dans la lutte contre la maladie et potentiellement expos\u00e9s \u00e0 la contamination.<\/p>\n<hr>\n<p><strong>Bient\u00f4t, la IIIe cohorte des volontaires de l\u2019Assembl\u00e9e nationale <\/strong><\/p>\n<p>Apr\u00e8s deux premi\u00e8res exp\u00e9riences r\u00e9ussies, l\u2019Assembl\u00e9e nationale recrute sa IIIe cohorte de 100 volontaires, en vue d\u2019accro\u00eetre son accessibilit\u00e9, sa notori\u00e9t\u00e9 et sa disposition \u00e0 servir les populations. Selon les informations parvenues \u00e0 Kantigui, peut faire acte de candidature, tout jeune burkinab\u00e8 \u00e2g\u00e9 de 35 ans maximum ayant obtenu sa licence ou termin\u00e9 ses \u00e9tudes th\u00e9oriques de licence dans la p\u00e9riode des 12 derniers mois. Ces stagiaires qui seront r\u00e9mun\u00e9r\u00e9s, a appris Kantigui, devront, entre autres, contribuer \u00e0 faire conna\u00eetre le Parlement, son r\u00f4le, ses valeurs et ses missions et appuyer les diff\u00e9rentes commissions g\u00e9n\u00e9rales dans l\u2019ex\u00e9cution de leurs missions. Ce recrutement, a-t-on rassur\u00e9 Kantigui, se fait en collaboration avec les syndicats d\u2019\u00e9tudiants. Le d\u00e9p\u00f4t des candidatures, ouvert exclusivement en ligne du 28 ao\u00fbt au 1er septembre 2021, se fait sur le site web\u00a0: van.assembl\u00e9enationale.bf. Kantigui salue cette initiative du Parlement burkinab\u00e8 sous la houlette de son Pr\u00e9sident, Alassane Bala Sakand\u00e9, parce qu\u2019elle permettra \u00e0 cette IIIe cuv\u00e9e de 100 jeunes qui seront retenus \u00ab\u00a0\u00e0 l\u2019issue d\u2019un test en ligne ou par le crit\u00e8re social\u00a0\u00bb, d\u2019apprendre et de disposer de ressources financi\u00e8res pouvant contribuer \u00e0 l\u2019am\u00e9lioration de leurs conditions de vie et d\u2019\u00e9tudes.<\/p>\n<hr>\n<p><strong>La salle polyvalente de Tenkodogo se d\u00e9grade<\/strong><\/p>\n<p>Kantigui a s\u00e9journ\u00e9 le weekend dernier \u00e0 Tenkodogo o\u00f9 il a pris part \u00e0 l\u2019Assembl\u00e9e g\u00e9n\u00e9rale (AG) de la F\u00e9d\u00e9ration burkinab\u00e8 de football (FBF) qui s\u2019est tenue dans la salle polyvalente de cette ville. Kantigui a \u00e9t\u00e9 sid\u00e9r\u00e9 de voir que cette infrastructure, construite \u00e0 la faveur de la c\u00e9l\u00e9bration de la f\u00eate nationale de l\u2019Ind\u00e9pendance, le 11-D\u00e9cembre 2019, est laiss\u00e9e \u00e0 elle-m\u00eame. L\u2019int\u00e9rieur de la cour qui abrite l\u2019infrastructure est touffue d\u2019herbes, sans oublier les ordures, notamment des sachets, diss\u00e9min\u00e9es \u00e7\u00e0 et l\u00e0. Les toilettes sont sales au point qu\u2019il est difficile de les utiliser, a pu constater Kantigui. Le toit suinte lorsqu\u2019il pleut et la nappe de poussi\u00e8re retrouv\u00e9e sur l\u2019estrade du pr\u00e9sidium avant le d\u00e9but de l\u2019AG laisse croire que l\u2019infrastructure est inexploit\u00e9e depuis des lustres. Kantigui invite les autorit\u00e9s communales et r\u00e9gionales \u00e0 jeter un regard sur cette belle salle qui ajoute du charme \u00e0 la cit\u00e9 de Zoungrana. A l\u2019image de celle de Tenkodogo, elles sont nombreuses ces infrastructures du 11-D\u00e9cembre qui, apr\u00e8s leur inauguration, sont inexploit\u00e9es et abandonn\u00e9es. Kantigui propose de confier ces salles par exemple aux promoteurs priv\u00e9s assortis de cahier des charges afin qu\u2019elles soient mieux rentabilis\u00e9es et entretenues.<\/p>\n<hr>\n<p><strong>COVID-19\u00a0: des vaccins contrefaits au Mexique <\/strong><\/p>\n<p>Toujours sur le qui-vive en mati\u00e8re d\u2019informations sur la pand\u00e9mie \u00e0 coronavirus, Kantigui a intercept\u00e9 une alerte des autorit\u00e9s ivoiriennes de la sant\u00e9. Adress\u00e9e aux professionnelles du domaine, la note de l\u2019Autorit\u00e9 ivoirienne de r\u00e9gulation pharmaceutique informe qu\u2019\u00e0 la suite d\u2019une alerte de l\u2019Organisation mondiale de la sant\u00e9 (OMS), une version falsifi\u00e9e du vaccin COVID-19 BNT162b2 (Pfizer Biotech, lot n\u00b0783201) a \u00e9t\u00e9 d\u00e9tect\u00e9e au Mexique. Au regard de toutes les supputations que suscite le vaccin contre la pand\u00e9mie, Kantigui exhorte les professionnels de sant\u00e9 burkinab\u00e8 \u00e0 la vigilance, \u00e0 signaler toute pr\u00e9sence de ce produit contrefait aux autorit\u00e9s. Kantigui rappelle que jusque-l\u00e0, ce sont les vaccins AZD\/1222, mis au point par la firme Astra Zeneca AB en Su\u00e8de et Ad26.CoV2-S de la firme Janssen du groupe am\u00e9ricain Johnson and Johnson qui sont actuellement administr\u00e9s au Burkina Faso.<\/p>\n<hr>\n<p><strong>Arboll\u00e9\u00a0: un rapport de l\u2019ASCE-LC \u00e9pingle le maire <\/strong><\/p>\n<p>Il est revenu \u00e0 Kantigui qu\u2019un rapport d\u2019investigation de l\u2019Autorit\u00e9 sup\u00e9rieure de contr\u00f4le d\u2019Etat et de lutte contre la corruption (ASCE-LC) \u00e9pingle le maire de la commune rurale de Arboll\u00e9, dans la province du Passor\u00e9, r\u00e9gion du Nord, sur sa gestion 2016-2019. Selon la source de Kantigui, l\u2019ASCE-LC a re\u00e7u une lettre qui \u00e9manerait des autorit\u00e9s coutumi\u00e8res et membres du bureau du Conseil villageois de d\u00e9veloppement (CVD) de ladite commune, d\u00e9non\u00e7ant des faits de mauvaise gestion de la Commune, des pratiques ill\u00e9gales et irr\u00e9guli\u00e8res dans la gestion des parcelles de la zone lotie pour la p\u00e9riode couvrant la gestion de l\u2019actuel maire, Boureima Ou\u00e9draogo. Pour v\u00e9rifier le bien-fond\u00e9 des all\u00e9gations contenues dans ladite lettre, toujours selon la m\u00eame source, une \u00e9quipe de contr\u00f4leurs d\u2019Etat a \u00e9t\u00e9 mandat\u00e9e pour mener les investigations n\u00e9cessaires. De ces investigations, il ressort que neuf all\u00e9gations sur douze sont fond\u00e9es et une all\u00e9gation fond\u00e9e en partie. Parmi celles qui sont fond\u00e9es, Kantigui a pu noter, entre autres, un tripatouillage des registres tenus par la mairie et le service de la Recette des domaines et de la publicit\u00e9 fonci\u00e8re (RDPF), une gestion irr\u00e9guli\u00e8re des parcelles, des attributions irr\u00e9guli\u00e8res de plusieurs parcelles au maire, des attributions de parcelles aux membres de la commission communale d\u2019audit, l\u2019inaccessibilit\u00e9 des r\u00e9sultats de l\u2019audit sur les parcelles.Il a \u00e9t\u00e9 souffl\u00e9 \u00e0 Kantigui qu\u2019au regard des irr\u00e9gularit\u00e9s mises en \u00e9vidence, la mission a formul\u00e9 des recommandations et identifi\u00e9 les personnes charg\u00e9es de leur mise en \u0153uvre afin am\u00e9liorer la gestion des parcelles dans la commune.<\/p>\n<hr>\n<p><strong> Minist\u00e8re de l\u2019Education nationale: Les affectations pour n\u00e9cessit\u00e9 de service suspendues <\/strong><\/p>\n<p>Selon une note sign\u00e9e du ministre de l\u2019Education nationale, de l\u2019Alphab\u00e9tisation et de la Promotion des langues nationales, Pr Stanislas Ouaro, dont Kantigui a obtenu copie, les affectations pour n\u00e9cessit\u00e9 de service de r\u00e9gion \u00e0 r\u00e9gion, au titre de l\u2019ann\u00e9e 2021, ont \u00e9t\u00e9 suspendues. \u00ab\u00a0Le Gouvernement a autoris\u00e9 en mars 2021, l\u2019organisation d\u2019assises nationales sur l\u2019\u00e9ducation nationale en vue de permettre aux diff\u00e9rents acteurs de discuter de diff\u00e9rentes probl\u00e9matiques li\u00e9es au syst\u00e8me \u00e9ducatif burkinab\u00e8 et de fonder un pacte national sur l\u2019\u00e9ducation\u00a0\u00bb, a justifi\u00e9 le signataire du communiqu\u00e9.<\/p>\n<p style=\"text-align: right\"><strong> Kantigui <\/strong><\/p>\n<p style=\"text-align: right\">kantigui2000@gmail.com<\/p>\n<p>L\u2019article <a rel=\"nofollow\" href=\"https:\/\/www.sidwaya.info\/blog\/2021\/08\/24\/le-pr-abdoulaye-soma-nomme-expert-de-lonu-au-mali\/\">Le Pr Abdoulaye Soma, nomm\u00e9 expert de l\u2019ONU au Mali<\/a> est apparu en premier sur <a rel=\"nofollow\" href=\"https:\/\/www.sidwaya.info\/\">Quotidien Sidwaya<\/a>.<\/p>\n<\/div>\n<p>Auteur: JK. Sidwaya<br \/>\n<a href=\"https:\/\/www.sidwaya.info\/blog\/2021\/08\/24\/le-pr-abdoulaye-soma-nomme-expert-de-lonu-au-mali\/\">Cliquez ici pour lire l&rsquo;article depuis sa source.<\/a><\/p>\n","protected":false},"excerpt":{"rendered":"<p>L\u2019expertise burkinab\u00e8 se vend tr\u00e8s bien \u00e0 l\u2019\u00e9tranger et notamment dans les institutions onusiennes. En effet, il est tomb\u00e9 dans l\u2019oreille de Kantigui que le constitutionaliste et candidat malheureux \u00e0 l\u2019\u00e9lection pr\u00e9sidentielle de novembre 2020, le professeur Abdoulaye Soma, a \u00e9t\u00e9 nomm\u00e9 comme expert international de l\u2019ONU pour l\u2019encadrement constitutionnel de la Transition politique malienne. [&hellip;]<\/p>\n","protected":false},"author":1816,"featured_media":0,"comment_status":"closed","ping_status":"closed","sticky":false,"template":"","format":"standard","meta":{"fifu_image_url":"","fifu_image_alt":"","footnotes":""},"categories":[73,81],"tags":[],"class_list":["post-125165","post","type-post","status-publish","format-standard","hentry","category-actualite","category-burkina-faso"],"_links":{"self":[{"href":"https:\/\/linitiative.ca\/International\/wp-json\/wp\/v2\/posts\/125165","targetHints":{"allow":["GET"]}}],"collection":[{"href":"https:\/\/linitiative.ca\/International\/wp-json\/wp\/v2\/posts"}],"about":[{"href":"https:\/\/linitiative.ca\/International\/wp-json\/wp\/v2\/types\/post"}],"author":[{"embeddable":true,"href":"https:\/\/linitiative.ca\/International\/wp-json\/wp\/v2\/users\/1816"}],"replies":[{"embeddable":true,"href":"https:\/\/linitiative.ca\/International\/wp-json\/wp\/v2\/comments?post=125165"}],"version-history":[{"count":0,"href":"https:\/\/linitiative.ca\/International\/wp-json\/wp\/v2\/posts\/125165\/revisions"}],"wp:attachment":[{"href":"https:\/\/linitiative.ca\/International\/wp-json\/wp\/v2\/media?parent=125165"}],"wp:term":[{"taxonomy":"category","embeddable":true,"href":"https:\/\/linitiative.ca\/International\/wp-json\/wp\/v2\/categories?post=125165"},{"taxonomy":"post_tag","embeddable":true,"href":"https:\/\/linitiative.ca\/International\/wp-json\/wp\/v2\/tags?post=125165"}],"curies":[{"name":"wp","href":"https:\/\/api.w.org\/{rel}","templated":true}]}}