{"id":125166,"date":"2021-08-24T18:04:57","date_gmt":"2021-08-24T22:04:57","guid":{"rendered":"https:\/\/linitiative.ca\/International\/ecole-nationale-des-douanes-des-eleves-inspecteurs-defendent-leur-memoire-de-fin-de-cycle\/"},"modified":"2021-08-24T18:04:57","modified_gmt":"2021-08-24T22:04:57","slug":"ecole-nationale-des-douanes-des-eleves-inspecteurs-defendent-leur-memoire-de-fin-de-cycle","status":"publish","type":"post","link":"https:\/\/linitiative.ca\/International\/ecole-nationale-des-douanes-des-eleves-inspecteurs-defendent-leur-memoire-de-fin-de-cycle\/","title":{"rendered":"Ecole nationale des douanes : Des \u00e9l\u00e8ves- inspecteurs d\u00e9fendent  leur m\u00e9moire de fin de cycle"},"content":{"rendered":"<div>\n<p><strong>L\u2019Ecole nationale des douanes (END) a proc\u00e9d\u00e9 au lancement officiel de la 27e session des soutenances de m\u00e9moire de fin de cycle des \u00e9l\u00e8ves- inspecteurs des douanes le 23 ao\u00fbt 2021, \u00e0 Ouagadougou.<\/strong><\/p>\n<p>Apr\u00e8s deux ans de formation, c\u2019est la fin de cycle pour les \u00e9l\u00e8ves- inspecteurs des douanes venus de quatre pays d\u2019Afrique. Pour parachever leur formation, l\u2019Ecole nationale des douanes a proc\u00e9d\u00e9 \u00e0 l\u2019ouverture officielle de la 27e session de leurs soutenances de m\u00e9moire de fin de cycle, le 23 ao\u00fbt 2021, \u00e0 Ouagadougou. Cette pr\u00e9sente session se tiendra jusqu\u2019au 25 ao\u00fbt 2021. L\u2019honneur est revenu \u00e0 l\u2019\u00e9l\u00e8ve- inspecteur Mohamadi Congo d\u2019ouvrir le bal des soutenances avec son th\u00e8me\u00a0: \u00ab\u00a0Le contr\u00f4le de la qualit\u00e9 des produits alimentaires import\u00e9s au Burkina Faso\u00a0\u00bb.<\/p>\n<p>Selon lui, \u00e0 la suite d\u2019un constat g\u00e9n\u00e9ral du \u00ab\u00a0scandale alimentaire\u00a0\u00bb, il fallait mener une analyse profonde afin de cerner o\u00f9 se situe le probl\u00e8me et d\u2019y rem\u00e9dier. En effet, il a relev\u00e9 comme insuffisances, l\u2019utilisation de la plateforme \u00e9lectronique pour la collecte des documents de pr\u00e9-d\u00e9douanement nomm\u00e9e SYLVIE et l\u2019ins\u00e9curit\u00e9 qui favorise la contrebande relative aux produits impropres qui p\u00e9n\u00e8trent sur le territoire national. Il a, en outre, soulign\u00e9 que l\u2019une des failles exploit\u00e9e par les importateurs est le manque de collaboration entre les structures habilit\u00e9es au contr\u00f4le des produits alimentaires. A cet effet, des recommandations ont \u00e9t\u00e9 formul\u00e9es afin que ces structures travaillent en harmonie en toute transparence.<\/p>\n<p>Avec une note de 16,5\/20, M. Congo a dit \u00eatre satisfait de l\u2019appr\u00e9ciation du jury. Selon le Secr\u00e9taire g\u00e9n\u00e9ral (SG) du minist\u00e8re en charge de l\u2019\u00e9conomie et des finances, Seglaro Abel Som\u00e9, cette session regroupera au total 25 \u00e9l\u00e8ves- inspecteurs dont 10 Burkinab\u00e8, 8 Congolais, 5 Centrafricains et 2 Tchadiens. Pour lui, les diff\u00e9rents th\u00e8mes qui seront abord\u00e9s s\u2019inscrivent dans les pr\u00e9occupations des administrations douani\u00e8res dans l\u2019accomplissement de leurs missions. Et comme th\u00e8mes qui seront abord\u00e9s lors de ces soutenances, il a cit\u00e9, entre autres, l\u2019impact des exon\u00e9rations fiscales du secteur minier sur la mobilisation des recettes publiques au Burkina Faso, la contribution de l\u2019administration douani\u00e8re \u00e0 la protection de l\u2019environnement au Congo\u00a0: cas de l\u2019importation des sacs et sachets plastiques.<\/p>\n<p>Pour lui, les th\u00e8mes abord\u00e9s proposent toujours des solutions et des recommandations. La formation de ces cadres vient \u00e0 point nomm\u00e9. Car, a-t-il dit, elle va renforcer les administrations douani\u00e8res en cette p\u00e9riode o\u00f9 le Burkina Faso et les pays \u00ab\u00a0fr\u00e8res\u00a0\u00bb ont besoin de plus de recettes int\u00e9rieures pour soutenir leurs politiques nationales de d\u00e9veloppement.\u00a0\u00ab\u00a0Il est vrai que les solutions pr\u00e9sent\u00e9es ne sont pas imm\u00e9diatement utilisables car elles ne d\u00e9coulent pas toujours d\u2019un cadre exp\u00e9riment\u00e9. Cependant, l\u2019innocence ou la neutralit\u00e9 de la r\u00e9flexion peut interpeler les d\u00e9cideurs plus aguerris et \u00e9ventuellement ouvrir des pistes adapt\u00e9es pour l\u2019administration des douanes \u00bb, a indiqu\u00e9 M. Som\u00e9. Ainsi, il a exhort\u00e9 les stagiaires au respect des principes et valeurs tels que le travail de qualit\u00e9, la rigueur et l\u2019honn\u00eatet\u00e9.<\/p>\n<p style=\"text-align: right\"><strong>Bintou SORE<\/strong> (Stagiaire)<\/p>\n<p>L\u2019article <a rel=\"nofollow\" href=\"https:\/\/www.sidwaya.info\/blog\/2021\/08\/24\/ecole-nationale-des-douanes-des-eleves-inspecteurs-defendent-leur-memoire-de-fin-de-cycle\/\">Ecole nationale des douanes : Des \u00e9l\u00e8ves- inspecteurs d\u00e9fendent  leur m\u00e9moire de fin de cycle<\/a> est apparu en premier sur <a rel=\"nofollow\" href=\"https:\/\/www.sidwaya.info\/\">Quotidien Sidwaya<\/a>.<\/p>\n<\/div>\n<p>Auteur: JK. Sidwaya<br \/>\n<a href=\"https:\/\/www.sidwaya.info\/blog\/2021\/08\/24\/ecole-nationale-des-douanes-des-eleves-inspecteurs-defendent-leur-memoire-de-fin-de-cycle\/\">Cliquez ici pour lire l&rsquo;article depuis sa source.<\/a><\/p>\n","protected":false},"excerpt":{"rendered":"<p>L\u2019Ecole nationale des douanes (END) a proc\u00e9d\u00e9 au lancement officiel de la 27e session des soutenances de m\u00e9moire de fin de cycle des \u00e9l\u00e8ves- inspecteurs des douanes le 23 ao\u00fbt 2021, \u00e0 Ouagadougou. Apr\u00e8s deux ans de formation, c\u2019est la fin de cycle pour les \u00e9l\u00e8ves- inspecteurs des douanes venus de quatre pays d\u2019Afrique. Pour [&hellip;]<\/p>\n","protected":false},"author":1816,"featured_media":0,"comment_status":"closed","ping_status":"closed","sticky":false,"template":"","format":"standard","meta":{"fifu_image_url":"","fifu_image_alt":"","footnotes":""},"categories":[73,81],"tags":[],"class_list":["post-125166","post","type-post","status-publish","format-standard","hentry","category-actualite","category-burkina-faso"],"_links":{"self":[{"href":"https:\/\/linitiative.ca\/International\/wp-json\/wp\/v2\/posts\/125166","targetHints":{"allow":["GET"]}}],"collection":[{"href":"https:\/\/linitiative.ca\/International\/wp-json\/wp\/v2\/posts"}],"about":[{"href":"https:\/\/linitiative.ca\/International\/wp-json\/wp\/v2\/types\/post"}],"author":[{"embeddable":true,"href":"https:\/\/linitiative.ca\/International\/wp-json\/wp\/v2\/users\/1816"}],"replies":[{"embeddable":true,"href":"https:\/\/linitiative.ca\/International\/wp-json\/wp\/v2\/comments?post=125166"}],"version-history":[{"count":0,"href":"https:\/\/linitiative.ca\/International\/wp-json\/wp\/v2\/posts\/125166\/revisions"}],"wp:attachment":[{"href":"https:\/\/linitiative.ca\/International\/wp-json\/wp\/v2\/media?parent=125166"}],"wp:term":[{"taxonomy":"category","embeddable":true,"href":"https:\/\/linitiative.ca\/International\/wp-json\/wp\/v2\/categories?post=125166"},{"taxonomy":"post_tag","embeddable":true,"href":"https:\/\/linitiative.ca\/International\/wp-json\/wp\/v2\/tags?post=125166"}],"curies":[{"name":"wp","href":"https:\/\/api.w.org\/{rel}","templated":true}]}}