{"id":125169,"date":"2021-08-25T17:22:04","date_gmt":"2021-08-25T21:22:04","guid":{"rendered":"https:\/\/linitiative.ca\/International\/affaire-apollinaire-compaore-loperateur-economique-disculpe-des-commercants-sen-rejouissent\/"},"modified":"2021-08-25T17:22:04","modified_gmt":"2021-08-25T21:22:04","slug":"affaire-apollinaire-compaore-loperateur-economique-disculpe-des-commercants-sen-rejouissent","status":"publish","type":"post","link":"https:\/\/linitiative.ca\/International\/affaire-apollinaire-compaore-loperateur-economique-disculpe-des-commercants-sen-rejouissent\/","title":{"rendered":"Affaire Apollinaire Compaor\u00e9 : L\u2019op\u00e9rateur \u00e9conomique disculp\u00e9, des commer\u00e7ants s\u2019en r\u00e9jouissent"},"content":{"rendered":"<div>\n<p><strong>Des organisations syndicales et associatives de commer\u00e7ants burkinab\u00e8 ont, au cours d\u2019une assembl\u00e9e g\u00e9n\u00e9rale, tenue \u00e0 Ouagadougou le mardi 24 ao\u00fbt 2021, exprim\u00e9 leur soutien \u00e0 Appolinaire Compaor\u00e9 dans l\u2019affaire dite de \u00ab trafic illicite de cigarettes \u00bb pour lequel l\u2019op\u00e9rateur \u00e9conomique vient d\u2019\u00eatre blanchi par un rapport d\u2019experts onusiens.<\/strong><\/p>\n<p>Le Mouvement des commer\u00e7ants burkinab\u00e8 pour le d\u00e9veloppement et l\u2019\u00e9mergence du Faso et la Coordination des structures syndicales et associatives des commer\u00e7ants du Burkina Faso sont engag\u00e9s aux c\u00f4t\u00e9s de l\u2019homme d\u2019affaires burkinab\u00e8, Appolinaire Compaor\u00e9, dans la crise que traverse son entreprise SOBUREX ces derniers mois. En effet, le mardi 24 ao\u00fbt 2021, les commer\u00e7ants membres de ces structures ont, au cours de leur assembl\u00e9e g\u00e9n\u00e9rale extraordinaire, tenue \u00e0 Ouagadougou, exprim\u00e9 leur soutien et leur solidarit\u00e9 \u00e0 l\u2019op\u00e9rateur \u00e9conomique.<\/p>\n<p>Selon le responsable de ces mouvements, el hadj Inoussa Kabor\u00e9, l\u2019ensemble des commer\u00e7ants des deux structures regrettent les accusations port\u00e9es contre M. Compaor\u00e9. Il a indiqu\u00e9 que le pr\u00e9sident du patronat burkinab\u00e8 a toujours \u00e9t\u00e9 \u00ab un homme d\u2019affaires engag\u00e9 aux c\u00f4t\u00e9s du secteur informel \u00bb. Et c\u2019est en reconnaissance \u00e0 ses efforts d\u2019assistance au monde du commerce que les deux structures ont jug\u00e9 n\u00e9cessaire de lui apporter tout leur soutien. Revenant \u00e0 la gen\u00e8se des faits depuis f\u00e9vrier 2019, Inoussa Kabor\u00e9 a rejet\u00e9 en bloc toutes les d\u00e9clarations faites dans les m\u00e9dias, accusant parfois l\u2019homme d\u2019affaires burkinab\u00e8 de \u00ab contrebandier \u00bb ou d\u00e9finissant son entreprise SOBUREX d\u2019exercer un commerce illicite.<\/p>\n<p>Fort heureusement, s\u2019est r\u00e9joui M. Kabor\u00e9, le groupe des experts de l\u2019ONU pour le Mali, a-t-il expliqu\u00e9, ont, dans leur rapport final, disculp\u00e9 SOBUREX et son fondateur. \u00ab Le rapport final des experts de l\u2019ONU est venu mettre tous les pourfendeurs \u00e0 genou. Ce document que nous avons consult\u00e9 indique clairement que ni Apollinaire Compaor\u00e9 ni SOBUREX, jadis mis en cause, n\u2019ont jamais pratiqu\u00e9 un trafic illicite de cigarettes et n\u2019ont aucune connivence avec des groupes terroristes \u00bb, a d\u00e9clar\u00e9 M. Kabor\u00e9.<\/p>\n<p>Dans la foul\u00e9e, il a demand\u00e9 \u00e0 tous les acteurs du commerce de s\u2019unir autour du patron des patrons afin de lui t\u00e9moigner toute la reconnaissance. Car, a expliqu\u00e9 El hadj Kabor\u00e9, Wendkuni bank international appartenant \u00e0 Appolinaire Compaor\u00e9 a beaucoup \u0153uvr\u00e9 \u00e0 l\u2019essor \u00e9conomique et social des commer\u00e7ants burkinab\u00e8. \u00abCette banque a octroy\u00e9 des pr\u00eats sans garantie \u00e0 de nombreux commer\u00e7ants et associations de commer\u00e7ants. Elle a financ\u00e9 beaucoup de projets et elle soutient financi\u00e8rement nos organisations\u00bb, a-t-il reconnu.<\/p>\n<p style=\"text-align: right\"><strong>G\u00e9rard COULIBALY<\/strong><\/p>\n<p>L\u2019article <a rel=\"nofollow\" href=\"https:\/\/www.sidwaya.info\/blog\/2021\/08\/25\/affaire-apollinaire-compaore-loperateur-economique-disculpe-des-commercants-sen-rejouissent\/\">Affaire Apollinaire Compaor\u00e9 : L\u2019op\u00e9rateur \u00e9conomique disculp\u00e9, des commer\u00e7ants s\u2019en r\u00e9jouissent<\/a> est apparu en premier sur <a rel=\"nofollow\" href=\"https:\/\/www.sidwaya.info\/\">Quotidien Sidwaya<\/a>.<\/p>\n<\/div>\n<p>Auteur: JK. Sidwaya<br \/>\n<a href=\"https:\/\/www.sidwaya.info\/blog\/2021\/08\/25\/affaire-apollinaire-compaore-loperateur-economique-disculpe-des-commercants-sen-rejouissent\/\">Cliquez ici pour lire l&rsquo;article depuis sa source.<\/a><\/p>\n","protected":false},"excerpt":{"rendered":"<p>Des organisations syndicales et associatives de commer\u00e7ants burkinab\u00e8 ont, au cours d\u2019une assembl\u00e9e g\u00e9n\u00e9rale, tenue \u00e0 Ouagadougou le mardi 24 ao\u00fbt 2021, exprim\u00e9 leur soutien \u00e0 Appolinaire Compaor\u00e9 dans l\u2019affaire dite de \u00ab trafic illicite de cigarettes \u00bb pour lequel l\u2019op\u00e9rateur \u00e9conomique vient d\u2019\u00eatre blanchi par un rapport d\u2019experts onusiens. Le Mouvement des commer\u00e7ants burkinab\u00e8 [&hellip;]<\/p>\n","protected":false},"author":1816,"featured_media":0,"comment_status":"closed","ping_status":"closed","sticky":false,"template":"","format":"standard","meta":{"fifu_image_url":"","fifu_image_alt":"","footnotes":""},"categories":[73,81],"tags":[],"class_list":["post-125169","post","type-post","status-publish","format-standard","hentry","category-actualite","category-burkina-faso"],"_links":{"self":[{"href":"https:\/\/linitiative.ca\/International\/wp-json\/wp\/v2\/posts\/125169","targetHints":{"allow":["GET"]}}],"collection":[{"href":"https:\/\/linitiative.ca\/International\/wp-json\/wp\/v2\/posts"}],"about":[{"href":"https:\/\/linitiative.ca\/International\/wp-json\/wp\/v2\/types\/post"}],"author":[{"embeddable":true,"href":"https:\/\/linitiative.ca\/International\/wp-json\/wp\/v2\/users\/1816"}],"replies":[{"embeddable":true,"href":"https:\/\/linitiative.ca\/International\/wp-json\/wp\/v2\/comments?post=125169"}],"version-history":[{"count":0,"href":"https:\/\/linitiative.ca\/International\/wp-json\/wp\/v2\/posts\/125169\/revisions"}],"wp:attachment":[{"href":"https:\/\/linitiative.ca\/International\/wp-json\/wp\/v2\/media?parent=125169"}],"wp:term":[{"taxonomy":"category","embeddable":true,"href":"https:\/\/linitiative.ca\/International\/wp-json\/wp\/v2\/categories?post=125169"},{"taxonomy":"post_tag","embeddable":true,"href":"https:\/\/linitiative.ca\/International\/wp-json\/wp\/v2\/tags?post=125169"}],"curies":[{"name":"wp","href":"https:\/\/api.w.org\/{rel}","templated":true}]}}